{"id":216186,"date":"2025-06-30T17:26:10","date_gmt":"2025-06-30T17:26:10","guid":{"rendered":"https:\/\/www.europesays.com\/fr\/216186\/"},"modified":"2025-06-30T17:26:10","modified_gmt":"2025-06-30T17:26:10","slug":"a-paris-touristes-et-habitants-apprivoisent-tant-bien-que-mal-la-chaleur","status":"publish","type":"post","link":"https:\/\/www.europesays.com\/fr\/216186\/","title":{"rendered":"\u00c0 Paris, touristes et habitants apprivoisent tant bien que mal la chaleur"},"content":{"rendered":"<p><strong>REPORTAGE &#8211;<\/strong> Alors que 84 d\u00e9partements sont plac\u00e9s en vigilance orange canicule ce lundi, 16 d\u00e9partements basculeront en vigilance rouge mardi. Le Figaro est all\u00e9 \u00e0 la rencontre des intr\u00e9pides qui se sont aventur\u00e9s dans les rues de la capitale.<\/p>\n<p class=\"fig-paragraph\"><a href=\"http:\/\/www.lefigaro.fr\/voyages\/hotels\/piscines-xxl-a-paris-10-bassins-d-hotel-spectaculaires-pour-traverser-la-chaleur-avec-style-20250621\" target=\"_blank\" data-fig-type=\"Article\" rel=\"noopener nofollow\" data-gtm-custom-categorie=\"navigation\" data-gtm-custom-action=\"crossclick\" data-gtm-custom-label=\"Contextuel\" data-gtm-event=\"customEventSPE\" data-fig-domain=\"LEFIGARO\">Paris<\/a>. Il n\u2019est pas encore 10 heures mais d\u00e9j\u00e0, le thermom\u00e8tre d\u00e9passe les 25\u00b0C. Dans le parc des\u00a0<a href=\"http:\/\/www.lefigaro.fr\/actualite-france\/terrorisme-vingt-ans-apres-les-lecons-de-la-filiere-des-buttes-chaumont-20250131\" target=\"_blank\" data-fig-type=\"Article\" rel=\"noopener nofollow\" data-gtm-custom-categorie=\"navigation\" data-gtm-custom-action=\"crossclick\" data-gtm-custom-label=\"Contextuel\" data-gtm-event=\"customEventSPE\" data-fig-domain=\"LEFIGARO\">Buttes Chaumont<\/a>, empli de vie, le bruit de l\u2019arrosage automatique se m\u00eale au chant des oiseaux et aux joyeux cris d\u2019enfants. Les courageux coureurs croisent les poussettes, les ma\u00eetres de chien se saluent tandis que sur les bancs et les pelouses, plusieurs personnes sont absorb\u00e9s par un livre. Si la plupart des passants restent \u00e0 l\u2019ombre, certains pr\u00e9f\u00e8rent le soleil. En maillots de bain, leurs serviettes de plage \u00e9tendues sur l\u2019herbe, Alex et Felix, la cinquantaine, sont venus parfaire leur bronzage avant de retourner s\u2019enfermer au bureau. \u00abOn habite juste en face. On vient surtout le matin, pour \u00e9viter le monde\u00bb, raconte Felix.<\/p>\n<p class=\"fig-paragraph\">Ici, ils ne sont pas les seuls \u00e0 appr\u00e9cier le soleil. Herv\u00e9, en pleine s\u00e9ance de sport quotidienne en face du lac, d\u00e9clare\u00a0: \u00abJe me mets un peu plus \u00e0 l\u2019ombre que d\u2019habitude, je m\u2019hydrate beaucoup mais j\u2019adore la chaleur.\u00bb Tr\u00e8s heureux, le quarantenaire affirme\u2026<\/p>\n<p class=\"fig-premium-paywall__infos\">\n        Cet article est r\u00e9serv\u00e9 aux abonn\u00e9s.        Il vous reste 86% \u00e0 d\u00e9couvrir.\n    <\/p>\n<p>                <img  data- alt=\"Le Figaro\" class=\"fig-img--complete fig-img\"\/><\/p>\n<p class=\"fig-premium-paywall__title\">Vente Flash : dernier jour<\/p>\n<p class=\"fig-premium-paywall__subtitle\">3,99\u20ac par mois pendant 12 mois. Sans engagement.<\/p>\n<p class=\"fig-premium-paywall__connect\">\n                D\u00e9j\u00e0 abonn\u00e9\u00a0?                <a class=\"fig-premium-paywall__connect-link\" href=\"https:\/\/connect.lefigaro.fr\/login?client=horizon_web&amp;type=main&amp;redirect_uri=https%3A%2F%2Fwww.lefigaro.fr%2Factualite-france%2Fa-paris-touristes-et-habitants-apprivoisent-tant-bien-que-mal-la-chaleur-20250630\" data-js-gtm=\"{&quot;customCategorie&quot;: &quot;conversion&quot;, &quot;customAction&quot;: &quot;before_Landing_Connexion_paywall_auto&quot;, &quot;customLabel&quot;: &quot;bGVmaWdhcm8uZnJfXzFmMDU1YjI0LTlkNGItNjIwOC05NTllLWNkODY5YmU4NThmMl9fQXJ0aWNsZQ==_\u00c0 Paris, touristes et habitants apprivoisent tant bien que mal la chaleur_265&quot;, &quot;customIDSPE&quot;: &quot;bGVmaWdhcm8uZnJfXzFmMDU1YjI0LTlkNGItNjIwOC05NTllLWNkODY5YmU4NThmMl9fQXJ0aWNsZQ==&quot;, &quot;event&quot;: &quot;customEventSPE&quot;}\" rel=\"nofollow noopener\" target=\"_blank\"><br \/>\n                    Connectez-vous<br \/>\n                <\/a>\n            <\/p>\n","protected":false},"excerpt":{"rendered":"REPORTAGE &#8211; Alors que 84 d\u00e9partements sont plac\u00e9s en vigilance orange canicule ce lundi, 16 d\u00e9partements basculeront en&hellip;\n","protected":false},"author":2,"featured_media":216187,"comment_status":"","ping_status":"","sticky":false,"template":"","format":"standard","meta":{"footnotes":""},"categories":[1888],"tags":[47,1058,1054,1059,1060,1055,11,6698,1057,1777,674,118,1011,27,1061,303,12,626,1062,25,656,104,1056,809],"class_list":{"0":"post-216186","1":"post","2":"type-post","3":"status-publish","4":"format-standard","5":"has-post-thumbnail","7":"category-paris","8":"tag-actualite","9":"tag-actualite-education","10":"tag-actualite-france","11":"tag-actualite-justice","12":"tag-actualite-securite","13":"tag-actualite-societe","14":"tag-actualites","15":"tag-canicule","16":"tag-education","17":"tag-eu","18":"tag-europe","19":"tag-faits-divers","20":"tag-fr","21":"tag-france","22":"tag-immigration","23":"tag-justice","24":"tag-news","25":"tag-paris","26":"tag-polemique","27":"tag-republique-francaise","28":"tag-securite","29":"tag-societe","30":"tag-societe-francaise","31":"tag-violence"},"share_on_mastodon":{"url":"https:\/\/pubeurope.com\/@fr\/114773490583230816","error":""},"_links":{"self":[{"href":"https:\/\/www.europesays.com\/fr\/wp-json\/wp\/v2\/posts\/216186","targetHints":{"allow":["GET"]}}],"collection":[{"href":"https:\/\/www.europesays.com\/fr\/wp-json\/wp\/v2\/posts"}],"about":[{"href":"https:\/\/www.europesays.com\/fr\/wp-json\/wp\/v2\/types\/post"}],"author":[{"embeddable":true,"href":"https:\/\/www.europesays.com\/fr\/wp-json\/wp\/v2\/users\/2"}],"replies":[{"embeddable":true,"href":"https:\/\/www.europesays.com\/fr\/wp-json\/wp\/v2\/comments?post=216186"}],"version-history":[{"count":0,"href":"https:\/\/www.europesays.com\/fr\/wp-json\/wp\/v2\/posts\/216186\/revisions"}],"wp:featuredmedia":[{"embeddable":true,"href":"https:\/\/www.europesays.com\/fr\/wp-json\/wp\/v2\/media\/216187"}],"wp:attachment":[{"href":"https:\/\/www.europesays.com\/fr\/wp-json\/wp\/v2\/media?parent=216186"}],"wp:term":[{"taxonomy":"category","embeddable":true,"href":"https:\/\/www.europesays.com\/fr\/wp-json\/wp\/v2\/categories?post=216186"},{"taxonomy":"post_tag","embeddable":true,"href":"https:\/\/www.europesays.com\/fr\/wp-json\/wp\/v2\/tags?post=216186"}],"curies":[{"name":"wp","href":"https:\/\/api.w.org\/{rel}","templated":true}]}}