{"id":216194,"date":"2025-06-30T17:30:11","date_gmt":"2025-06-30T17:30:11","guid":{"rendered":"https:\/\/www.europesays.com\/fr\/216194\/"},"modified":"2025-06-30T17:30:11","modified_gmt":"2025-06-30T17:30:11","slug":"grace-aux-caprices-de-trump-le-sommet-de-lotan-de-la-haye-constitue-un-tournant","status":"publish","type":"post","link":"https:\/\/www.europesays.com\/fr\/216194\/","title":{"rendered":"Gr\u00e2ce aux caprices de Trump, le sommet de l\u2019Otan de La Haye constitue un tournant"},"content":{"rendered":"\n<p>La r\u00e9union de l\u2019Otan \u00e0 La\u00a0Haye entrera dans l\u2019histoire comme le sommet des superlatifs. Jamais encore autant d\u2019argent n\u2019avait \u00e9t\u00e9 transf\u00e9r\u00e9 aussi vite au sein de l\u2019Alliance, sur le papier du moins. Les \u00c9tats membres se sont engag\u00e9s \u00e0 faire passer leurs budgets de la d\u00e9fense \u00e0 3,5\u00a0% de leur PIB en dix ans. Que l\u2019on y ajoute 1,5\u00a0% pour les infrastructures militaires associ\u00e9es, et l\u2019on atteint m\u00eame 5\u00a0%. Un chiffre indispensable pour que le pr\u00e9sident am\u00e9ricain, Donald\u00a0Trump, puisse repartir chez lui avec ses propres superlatifs. Aucun autre pr\u00e9sident dans l\u2019histoire de l\u2019Alliance n\u2019a aussi ouvertement fait marcher ses alli\u00e9s \u00e0 la baguette. Les pays de l\u2019Otan ont toujours d\u00fb s\u2019incliner face \u00e0 leur partenaire le plus puissant. Mais jamais encore ils n\u2019ont \u00e9t\u00e9 \u00e0 ce point le jouet des caprices d\u2019un seul homme.<\/p>\n<p>Quand le chancelier allemand, Friedrich\u00a0Merz, et bien d\u2019autres saluent ce sommet comme ayant \u00e9t\u00e9 historique, ils n\u2019ont pas tort, d\u2019un c\u00f4t\u00e9. Mais de l\u2019autre, ils n\u2019en per\u00e7oivent pas la v\u00e9ritable signification. Ce qui est historique, ce n\u2019est pas tant ce qui a \u00e9t\u00e9 annonc\u00e9 dans la d\u00e9claration finale du sommet, d\u2019une bri\u00e8vet\u00e9 sans pr\u00e9c\u00e9den<\/p>\n<p> <strong>La\u00a0suite est r\u00e9serv\u00e9e aux abonn\u00e9s\u2026 <\/strong> <\/p>\n<p>      <img decoding=\"async\" class=\"\" loading=\"lazy\" src=\"https:\/\/www.europesays.com\/fr\/wp-content\/uploads\/2025\/04\/martirena.png\" width=\"640\" height=\"360\" alt=\"Dessin de Martirena\"\/>   <\/p>\n<ul class=\"paywall-arguments\">\n<li data-icon=\"check\">Acc\u00e9dez \u00e0\u00a0tous les contenus abonn\u00e9s<\/li>\n<li data-icon=\"check\">Soutenez une r\u00e9daction ind\u00e9pendante<\/li>\n<li data-icon=\"check\">Recevez le\u00a0R\u00e9veil Courrier chaque matin<\/li>\n<\/ul>\n<p class=\"article-authors\">                         <a href=\"https:\/\/www.courrierinternational.com\/auteur\/daniel-brossler\" rel=\"nofollow noopener\" target=\"_blank\">Daniel Br\u00f6ssler<\/a>    <\/p>\n<p class=\"article-vo\"><a href=\"https:\/\/www.sueddeutsche.de\/meinung\/nato-gipfel-den-haag-trump-verteidigungsausgaben-kommentar-li.3274238\" rel=\"noopener nofollow\" target=\"_blank\">Lire l\u2019article original<\/a><\/p>\n<p>Source de l\u2019article<\/p>\n<p>   <img decoding=\"async\" class=\"source-logo\" src=\"https:\/\/www.europesays.com\/fr\/wp-content\/uploads\/2025\/06\/a6c29c9_1667920341442-sueddeutsche-zeitung-ligatur-rgb.png\"  alt=\"Logo\" loading=\"lazy\" width=\"32\" height=\"32\"\/>  S\u00fcddeutsche Zeitung  (Munich)       <\/p>\n<p>Cr\u00e9\u00e9 en 1945, le \u201cJournal du sud de l\u2019Allemagne\u201d compte parmi les quotidiens suprar\u00e9gionaux de r\u00e9f\u00e9rence du pays. De tendance lib\u00e9rale, il est un grand d\u00e9fenseur des valeurs d\u00e9mocratiques et de l\u2019\u00c9tat de droit. Il emploie ou a employ\u00e9 les meilleures plumes du pays. Sa page 3, qui publie grands reportages et articles de fond, est une institution. Le quotidien se distingue aussi par l\u2019importance qu\u2019il accorde \u00e0 la culture, trait\u00e9e dans ses pages imm\u00e9diatement apr\u00e8s l\u2019actualit\u00e9\u00a0politique.<\/p>\n<p>      <a href=\"https:\/\/www.courrierinternational.com\/notule-source\/sueddeutsche-zeitung\" class=\"source-link\" rel=\"nofollow noopener\" target=\"_blank\">Lire la suite<\/a>                 <\/p>\n<p>Nos services<\/p>\n","protected":false},"excerpt":{"rendered":"La r\u00e9union de l\u2019Otan \u00e0 La\u00a0Haye entrera dans l\u2019histoire comme le sommet des superlatifs. Jamais encore autant d\u2019argent&hellip;\n","protected":false},"author":2,"featured_media":216195,"comment_status":"","ping_status":"","sticky":false,"template":"","format":"standard","meta":{"footnotes":""},"categories":[1589],"tags":[11,75,73,1866,1892,12,136,2476,1864,1865,1863,308],"class_list":{"0":"post-216194","1":"post","2":"type-post","3":"status-publish","4":"format-standard","5":"has-post-thumbnail","7":"category-etats-unis","8":"tag-actualites","9":"tag-donald-trump","10":"tag-etats-unis","11":"tag-etats-unis-damerique","12":"tag-gu00e9opolitique","13":"tag-news","14":"tag-otan","15":"tag-politique-de-du00e9fense","16":"tag-united-states","17":"tag-united-states-of-america","18":"tag-us","19":"tag-usa"},"share_on_mastodon":{"url":"","error":""},"_links":{"self":[{"href":"https:\/\/www.europesays.com\/fr\/wp-json\/wp\/v2\/posts\/216194","targetHints":{"allow":["GET"]}}],"collection":[{"href":"https:\/\/www.europesays.com\/fr\/wp-json\/wp\/v2\/posts"}],"about":[{"href":"https:\/\/www.europesays.com\/fr\/wp-json\/wp\/v2\/types\/post"}],"author":[{"embeddable":true,"href":"https:\/\/www.europesays.com\/fr\/wp-json\/wp\/v2\/users\/2"}],"replies":[{"embeddable":true,"href":"https:\/\/www.europesays.com\/fr\/wp-json\/wp\/v2\/comments?post=216194"}],"version-history":[{"count":0,"href":"https:\/\/www.europesays.com\/fr\/wp-json\/wp\/v2\/posts\/216194\/revisions"}],"wp:featuredmedia":[{"embeddable":true,"href":"https:\/\/www.europesays.com\/fr\/wp-json\/wp\/v2\/media\/216195"}],"wp:attachment":[{"href":"https:\/\/www.europesays.com\/fr\/wp-json\/wp\/v2\/media?parent=216194"}],"wp:term":[{"taxonomy":"category","embeddable":true,"href":"https:\/\/www.europesays.com\/fr\/wp-json\/wp\/v2\/categories?post=216194"},{"taxonomy":"post_tag","embeddable":true,"href":"https:\/\/www.europesays.com\/fr\/wp-json\/wp\/v2\/tags?post=216194"}],"curies":[{"name":"wp","href":"https:\/\/api.w.org\/{rel}","templated":true}]}}