{"id":216198,"date":"2025-06-30T17:32:11","date_gmt":"2025-06-30T17:32:11","guid":{"rendered":"https:\/\/www.europesays.com\/fr\/216198\/"},"modified":"2025-06-30T17:32:11","modified_gmt":"2025-06-30T17:32:11","slug":"ibrahim-sissoko-debarque-en-allemagne","status":"publish","type":"post","link":"https:\/\/www.europesays.com\/fr\/216198\/","title":{"rendered":"Ibrahim Sissoko d\u00e9barque en Allemagne"},"content":{"rendered":"<p>C\u2019est d\u00e9sormais en Allemagne que l\u2019attaquant International Malien va poursuivre de sa carri\u00e8re. Ibrahim Sissoko a rejoint les rangs du VfL Bochum en provenance de l\u2019AS Saint-Etienne. Si sa premi\u00e8re saison il a claqu\u00e9 treize buts en Ligue 2, le joueur de 28 ans a \u00e9t\u00e9 tr\u00e8s peu utilis\u00e9 lors de cet exercice avec seulement trois petites r\u00e9alisations.<\/p>\n<p>\u00a0<\/p>\n<p>Ibrahim Sissoko s\u2019est dit heureux de rejoindre Bochum.<\/p>\n<blockquote><p>&#13;<\/p>\n<p>\u00ab\u00a0Je suis tr\u00e8s heureux d&rsquo;\u00eatre ici \u00e0 Bochum et j&rsquo;ai h\u00e2te d&rsquo;\u00eatre sur le terrain avec mes co\u00e9quipiers. J&rsquo;ai beaucoup entendu parler de l&rsquo;ambiance dans les stades en Allemagne et j&rsquo;ai h\u00e2te de la d\u00e9couvrir bient\u00f4t\u00a0\u00bb, <\/p>\n<p>&#13;\n<\/p><\/blockquote>\n<p>a-t-il d\u00e9clar\u00e9.<\/p>\n","protected":false},"excerpt":{"rendered":"C\u2019est d\u00e9sormais en Allemagne que l\u2019attaquant International Malien va poursuivre de sa carri\u00e8re. Ibrahim Sissoko a rejoint les&hellip;\n","protected":false},"author":2,"featured_media":216199,"comment_status":"","ping_status":"","sticky":false,"template":"","format":"standard","meta":{"footnotes":""},"categories":[1587],"tags":[35557,11,672,1804,1805,1803,1777,674,1801,12,1802],"class_list":{"0":"post-216198","1":"post","2":"type-post","3":"status-publish","4":"format-standard","5":"has-post-thumbnail","7":"category-allemagne","8":"tag-actualite-cotedivoire-abidjan-sport-cote-ivoire-team225-civ225-breve-news-football-ligue-coupe-allemagne-mercato-transfert-ibrahim-sissoko-bochum-saint-etienne-debarque","9":"tag-actualites","10":"tag-allemagne","11":"tag-bundesrepublik-deutschland","12":"tag-de","13":"tag-deutschland","14":"tag-eu","15":"tag-europe","16":"tag-germany","17":"tag-news","18":"tag-republique-federale-dallemagne"},"share_on_mastodon":{"url":"https:\/\/pubeurope.com\/@fr\/114773514246961334","error":""},"_links":{"self":[{"href":"https:\/\/www.europesays.com\/fr\/wp-json\/wp\/v2\/posts\/216198","targetHints":{"allow":["GET"]}}],"collection":[{"href":"https:\/\/www.europesays.com\/fr\/wp-json\/wp\/v2\/posts"}],"about":[{"href":"https:\/\/www.europesays.com\/fr\/wp-json\/wp\/v2\/types\/post"}],"author":[{"embeddable":true,"href":"https:\/\/www.europesays.com\/fr\/wp-json\/wp\/v2\/users\/2"}],"replies":[{"embeddable":true,"href":"https:\/\/www.europesays.com\/fr\/wp-json\/wp\/v2\/comments?post=216198"}],"version-history":[{"count":0,"href":"https:\/\/www.europesays.com\/fr\/wp-json\/wp\/v2\/posts\/216198\/revisions"}],"wp:featuredmedia":[{"embeddable":true,"href":"https:\/\/www.europesays.com\/fr\/wp-json\/wp\/v2\/media\/216199"}],"wp:attachment":[{"href":"https:\/\/www.europesays.com\/fr\/wp-json\/wp\/v2\/media?parent=216198"}],"wp:term":[{"taxonomy":"category","embeddable":true,"href":"https:\/\/www.europesays.com\/fr\/wp-json\/wp\/v2\/categories?post=216198"},{"taxonomy":"post_tag","embeddable":true,"href":"https:\/\/www.europesays.com\/fr\/wp-json\/wp\/v2\/tags?post=216198"}],"curies":[{"name":"wp","href":"https:\/\/api.w.org\/{rel}","templated":true}]}}