{"id":216204,"date":"2025-06-30T17:35:10","date_gmt":"2025-06-30T17:35:10","guid":{"rendered":"https:\/\/www.europesays.com\/fr\/216204\/"},"modified":"2025-06-30T17:35:10","modified_gmt":"2025-06-30T17:35:10","slug":"famille-et-leadership-olivier-giroud-explique-les-raisons-de-son-retour-surprise-en-france","status":"publish","type":"post","link":"https:\/\/www.europesays.com\/fr\/216204\/","title":{"rendered":"Famille et leadership, Olivier Giroud explique les raisons de son retour surprise en France"},"content":{"rendered":"<p>Dire que c\u2019est une surprise est un euph\u00e9misme. Tout le monde pensait &#8211; lui le premier &#8211; que <a href=\"https:\/\/www.20minutes.fr\/sport\/football\/mercato\/4087905-20240423-mls-oliver-giroud-va-rejoindre-hugo-lloris-los-angeles-fc\" target=\"_blank\" class=\"color-ultramarine c-link\" rel=\"nofollow noopener\">cette pige du c\u00f4t\u00e9 de Los Angeles<\/a> avec son pote Hugo Lloris serait la derni\u00e8re pour <a href=\"https:\/\/www.20minutes.fr\/sport\/olivier_giroud\/\" target=\"_blank\" class=\"color-ultramarine c-link\" rel=\"nofollow noopener\">Olivier Giroud<\/a>. Mais \u00e0 38 ans, le meilleur buteur de l\u2019histoire des Bleus (57 buts en 137 s\u00e9lections) va finalement rempiler en Ligue 1. Apr\u00e8s avoir disput\u00e9 son dernier match avec le LAFC dimanche, il est attendu en milieu de semaine \u00e0 Lille pour signer son contrat.<\/p>\n<p>Deux champions du monde en Ligue 1<\/p>\n<p>Ce choix \u00ab\u00a0coche beaucoup de cases pour moi et ma famille\u00a0\u00bb, a affirm\u00e9 Giroud ce lundi avant de s\u2019envoler pour la France. \u00ab\u00a0J\u2019esp\u00e8re que je pourrai \u00eatre utile \u00e0 l\u2019\u00e9quipe, un leader et quelqu\u2019un qui met du liant sur le terrain et en dehors avec les jeunes, a-t-il repris. Je suis excit\u00e9 \u00e0 l\u2019id\u00e9e de jouer la <a href=\"https:\/\/www.20minutes.fr\/sport\/ligue_europa\/\" target=\"_blank\" class=\"color-ultramarine c-link\" rel=\"nofollow noopener\">Ligue Europa<\/a>. Lille est un grand club en France, un des cinq meilleurs.\u00a0\u00bb<\/p>\n<p>Apr\u00e8s avoir effectu\u00e9 ses <a href=\"https:\/\/www.20minutes.fr\/sport\/football\/euro-2024\/4092589-20240524-equipe-france-olivier-giroud-bleus-termine-apres-euro-laisser-place-jeunes\" target=\"_blank\" class=\"color-ultramarine c-link\" rel=\"nofollow noopener\">adieux en s\u00e9lection \u00e0 l\u2019issue de l\u2019Euro<\/a> l\u2019an dernier, le buteur avait quitt\u00e9 le Milan AC pour la Californie. Mais son exp\u00e9rience sportive l\u00e0-bas n\u2019a pas \u00e9t\u00e9 au niveau de ses attentes, avec seulement trois buts en saison r\u00e9guli\u00e8re de MLS. \u00ab\u00a0Quand j\u2019ai eu l\u2019occasion de revenir en France, je l\u2019ai saisie\u00a0\u00bb, a affirm\u00e9 l\u2019ancien joueur d\u2019Arsenal (2012-2018) et Chelsea (2018-2021), qui s\u2019est dit \u00ab\u00a0tr\u00e8s motiv\u00e9 par ce nouveau d\u00e9fi\u00a0\u00bb.<\/p>\n<p><a href=\"https:\/\/www.20minutes.fr\/sport\/mercato\/\" target=\"_blank\" class=\"c-link c-btn c-btn--primary\" rel=\"nofollow noopener\">Toutes les infos mercato par ici<\/a><\/p>\n<p>Pour le champion du monde\u00a02018, les bonnes raisons de revenir sont nombreuses\u00a0: \u00ab\u00a0\u00catre plus proche de ma famille, mes amis, revenir dans un championnat que j\u2019ai quitt\u00e9 il y a treize ans. Le public fran\u00e7ais est content que<a href=\"https:\/\/www.20minutes.fr\/sport\/football\/4160916-20250628-retour-paul-pogba-engage-monaco\" target=\"_blank\" class=\"color-ultramarine c-link\" rel=\"nofollow noopener\"> Paul Pogba<\/a> et moi retournions dans le championnat fran\u00e7ais. Si vous m\u2019aviez demand\u00e9 il y a quelques ann\u00e9es, je vous aurais r\u00e9pondu que ce n\u2019\u00e9tait pas le plan de revenir. Mais on ne sait jamais.\u00a0\u00bb<\/p>\n","protected":false},"excerpt":{"rendered":"Dire que c\u2019est une surprise est un euph\u00e9misme. Tout le monde pensait &#8211; lui le premier &#8211; que&hellip;\n","protected":false},"author":2,"featured_media":216205,"comment_status":"","ping_status":"","sticky":false,"template":"","format":"standard","meta":{"footnotes":""},"categories":[2],"tags":[11,63,1011,27,66,2854,1434,12,5959,25,517],"class_list":{"0":"post-216204","1":"post","2":"type-post","3":"status-publish","4":"format-standard","5":"has-post-thumbnail","7":"category-actualites","8":"tag-actualites","9":"tag-football","10":"tag-fr","11":"tag-france","12":"tag-ligue-1","13":"tag-losc-lille","14":"tag-mercato","15":"tag-news","16":"tag-olivier-giroud","17":"tag-republique-francaise","18":"tag-sport"},"share_on_mastodon":{"url":"https:\/\/pubeurope.com\/@fr\/114773525986618147","error":""},"_links":{"self":[{"href":"https:\/\/www.europesays.com\/fr\/wp-json\/wp\/v2\/posts\/216204","targetHints":{"allow":["GET"]}}],"collection":[{"href":"https:\/\/www.europesays.com\/fr\/wp-json\/wp\/v2\/posts"}],"about":[{"href":"https:\/\/www.europesays.com\/fr\/wp-json\/wp\/v2\/types\/post"}],"author":[{"embeddable":true,"href":"https:\/\/www.europesays.com\/fr\/wp-json\/wp\/v2\/users\/2"}],"replies":[{"embeddable":true,"href":"https:\/\/www.europesays.com\/fr\/wp-json\/wp\/v2\/comments?post=216204"}],"version-history":[{"count":0,"href":"https:\/\/www.europesays.com\/fr\/wp-json\/wp\/v2\/posts\/216204\/revisions"}],"wp:featuredmedia":[{"embeddable":true,"href":"https:\/\/www.europesays.com\/fr\/wp-json\/wp\/v2\/media\/216205"}],"wp:attachment":[{"href":"https:\/\/www.europesays.com\/fr\/wp-json\/wp\/v2\/media?parent=216204"}],"wp:term":[{"taxonomy":"category","embeddable":true,"href":"https:\/\/www.europesays.com\/fr\/wp-json\/wp\/v2\/categories?post=216204"},{"taxonomy":"post_tag","embeddable":true,"href":"https:\/\/www.europesays.com\/fr\/wp-json\/wp\/v2\/tags?post=216204"}],"curies":[{"name":"wp","href":"https:\/\/api.w.org\/{rel}","templated":true}]}}