{"id":216210,"date":"2025-06-30T17:38:19","date_gmt":"2025-06-30T17:38:19","guid":{"rendered":"https:\/\/www.europesays.com\/fr\/216210\/"},"modified":"2025-06-30T17:38:19","modified_gmt":"2025-06-30T17:38:19","slug":"david-horsey-simpose-en-play-off-au-vaudreuil","status":"publish","type":"post","link":"https:\/\/www.europesays.com\/fr\/216210\/","title":{"rendered":"David Horsey s&rsquo;impose en play-off au Vaudreuil"},"content":{"rendered":"<p>\t\t\t\t\t\t<img width=\"770\" height=\"556\" src=\"https:\/\/www.europesays.com\/fr\/wp-content\/uploads\/2025\/06\/horseyvaudreuilwin-770x556.jpg\" class=\"img-responsive wp-post-image\" alt=\"HorseyVaudreuilWIn Jasper Wax \/ Getty \/ AFP\" decoding=\"async\" fetchpriority=\"high\"  \/>\t\t\t\t\t<\/p>\n<p>\t\t\t\t\t\t Partager cet article <\/p>\n<p class=\"screen-reader-text juiz_sps_maybe_hidden_text\">Partager la publication \u00ab\u00a0David Horsey s\u2019impose en play-off au Vaudreuil\u00a0\u00bb<\/p>\n<p><strong>L\u2019exp\u00e9riment\u00e9 Anglais David Horsey remporte le Vaudreuil Golf Challenge apr\u00e8s un trou de play-off \u00e0 quatre. Encore une bonne semaine en France pour les Tricolores avec Robin Sciot-Siegrist, Cl\u00e9ment Charmasson et Julien Quesne dans le top 15.<\/strong><\/p>\n<p>\u00a0<\/p>\n<p><strong>D.C.<\/strong><\/p>\n<p>Les deux tournois fran\u00e7ais de l\u2019<strong>HotelPlanner Tour<\/strong> se suivent et se ressemblent ! Un Anglais exp\u00e9riment\u00e9 s\u2019impose au premier trou de play-off sur le <strong>Vaudreuil Golf Challenge<\/strong> dix ans apr\u00e8s son dernier titre\u2026 <a href=\"https:\/\/www.golfplanete.com\/actualites\/james-morrison-simpose-en-playoff-a-pleneuf\/\" rel=\"nofollow noopener\" target=\"_blank\">Un sc\u00e9nario identique \u00e0 celui du Blot Play9 la semaine derni\u00e8re<\/a> !<\/p>\n<p><a href=\"https:\/\/www.europeantour.com\/hotelplanner-tour\/le-vaudreuil-golf-challenge-2025\/leaderboard?round=4\" target=\"_blank\" rel=\"noopener nofollow\">Le classement complet<\/a><\/p>\n<p>\t\t\t\t\t<a id=\"177269\" href=\"https:\/\/www.golfcapdagde.com\/\" target=\"_blank\" rel=\"sponsorised nofollow noopener\"><img decoding=\"async\" src=\"data:image\/svg+xml,%3Csvg%20xmlns=\" http:=\"\" class=\"img-responsive\" alt=\"\" data-lazy-src=\"https:\/\/www.europesays.com\/fr\/wp-content\/uploads\/2025\/06\/capdagdegolf-e01-experience-golf-1170x275-1.gif\"\/><\/a><\/p>\n<p>Cette semaine en Normandie, c\u2019est <strong>David Horsey<\/strong>, 40 ans depuis deux mois, qui a remport\u00e9 son septi\u00e8me succ\u00e8s, le troisi\u00e8me sur la deuxi\u00e8me division europ\u00e9enne. Le Britannique a eu besoin d\u2019un trou de play-off pour se d\u00e9barrasser de son compatriote <strong>James Allan<\/strong>, de l\u2019Espagnol <strong>Joseba Torres<\/strong> et de l\u2019homme en forme en ce moment, l\u2019\u00c9cossais <strong>Daniel Young<\/strong>, auteur du record du parcours de <strong>Pl\u00e9neuf-Val-Andr\u00e9<\/strong> dimanche dernier.\u00a0<\/p>\n<p>David Horsey s\u2019est fait peur avec un double bogey au 17, mais son birdie au 18 lui a permis d\u2019arracher le play-off, avant de mettre tout le monde d\u2019accord d\u00e8s le 73e trou avec une attaque de m\u00e2t en r\u00e8gle sur le spectaculaire par 3 du trou num\u00e9ro 10, dont le d\u00e9part est coll\u00e9 \u00e0 la terrasse de l\u2019iconique club-house du Golf du Vaudreuil.<\/p>\n<p>Le quatri\u00e8me tour du Vaudreuil Golf Challenge avait d\u00e9but\u00e9 par un premier coup de th\u00e9\u00e2tre avec l\u2019abandon d\u2019un des trois co-leaders, l\u2019Anglais <strong>Eddie Pepperell<\/strong>, peut-\u00eatre le favori logique, stopp\u00e9 dans son \u00e9lan par un soudain mal de dos pendant la nuit ! Il s\u2019est termin\u00e9 avec la victoire de son compatriote David Horsey, qui avait plut\u00f4t bien d\u00e9but\u00e9 avec une belle ficelle au 1 !<\/p>\n<p>\u00a0<\/p>\n<blockquote class=\"twitter-tweet\">\n<p dir=\"ltr\" lang=\"en\">Huge birdie putt drops at the first for Horsey \ud83d\udc26<a href=\"https:\/\/twitter.com\/hashtag\/LeVaudreuilGolfChallenge?src=hash&amp;ref_src=twsrc%5Etfw\" rel=\"nofollow noopener\" target=\"_blank\">#LeVaudreuilGolfChallenge<\/a> <a href=\"https:\/\/t.co\/Sw1yD4NosJ\" rel=\"nofollow\">pic.twitter.com\/Sw1yD4NosJ<\/a><\/p>\n<p>\u2014 HotelPlanner Tour (@HPlanner_Tour) <a href=\"https:\/\/twitter.com\/HPlanner_Tour\/status\/1939266965354226138?ref_src=twsrc%5Etfw\" rel=\"nofollow noopener\" target=\"_blank\">June 29, 2025<\/a><\/p>\n<\/blockquote>\n<p>\u00a0<\/p>\n<p>\u00a0<\/p>\n<p>\u00a0<\/p>\n<p>Sciot-Siegrist encha\u00eene avec un nouveau top 15<\/p>\n<p>Quatre Fran\u00e7ais ont termin\u00e9 dans le top 15 la semaine derni\u00e8re en Bretagne, ils sont trois parmi les quinze meilleurs ce dimanche. En derni\u00e8re partie dominicale \u00e0 Pl\u00e9neuf-Val-Andr\u00e9 et <a href=\"https:\/\/www.golfplanete.com\/actualites\/robin-sciot-siegrist-confirme-en-tete\/\" rel=\"nofollow noopener\" target=\"_blank\">leader pendant les deux premiers tours<\/a>, <strong>Robin Sciot-Siegrist<\/strong> fait mieux que sa 13e place de dimanche dernier en terminant premier Fran\u00e7ais au sixi\u00e8me rang, \u00e0 deux points du playoff.<\/p>\n<p>\t\t\t\t\t<a id=\"177181\" href=\"http:\/\/charleskent-golf.com\/andalucia-majors\/\" target=\"_blank\" rel=\"sponsorised nofollow noopener\"><img decoding=\"async\" src=\"data:image\/svg+xml,%3Csvg%20xmlns=\" http:=\"\" class=\"img-responsive\" alt=\"\" data-lazy-src=\"https:\/\/www.europesays.com\/fr\/wp-content\/uploads\/2025\/06\/charleskent-e03-andalucia-majors-1170x275-1.gif\"\/><\/a><\/p>\n<p>\u00c0 31 ans, le gaucher de <strong>Saint-Nom-la-Bret\u00e8che<\/strong> confirme son rythme solide avec ce 6e top 30 de la saison pour se rapprocher du top 20 de la <strong>Road to Mallorca<\/strong>, synonyme en fin de saison de remont\u00e9e sur le <strong>DP World Tour<\/strong> qu\u2019il a d\u00e9j\u00e0 c\u00f4toy\u00e9 pendant trois ann\u00e9es.<\/p>\n<p>\u00a0<\/p>\n<blockquote class=\"twitter-tweet\">\n<p dir=\"ltr\" lang=\"en\">The perfect pace from Sciot-Siegrist \ud83d\udc4c<a href=\"https:\/\/twitter.com\/hashtag\/LeVaudreuilGolfChallenge?src=hash&amp;ref_src=twsrc%5Etfw\" rel=\"nofollow noopener\" target=\"_blank\">#LeVaudreuilGolfChallenge<\/a> <a href=\"https:\/\/t.co\/18OVUsmCcb\" rel=\"nofollow\">pic.twitter.com\/18OVUsmCcb<\/a><\/p>\n<p>\u2014 HotelPlanner Tour (@HPlanner_Tour) <a href=\"https:\/\/twitter.com\/HPlanner_Tour\/status\/1939287715578511755?ref_src=twsrc%5Etfw\" rel=\"nofollow noopener\" target=\"_blank\">June 29, 2025<\/a><\/p>\n<\/blockquote>\n<p>\u00a0<\/p>\n<p>Avec quatre tours sous le par et une huiti\u00e8me place finale, <strong>Cl\u00e9ment Charmasson<\/strong> consolide pour sa part sa place dans le top 20 de la Road. Le Toulousain de 26 ans se rapproche de <a href=\"https:\/\/www.golfplanete.com\/actualites\/felix-mory-encore-beaucoup-de-points-a-marquer-pour-jouer-sur-le-dp-world-tour-lan-prochain\/\" rel=\"nofollow noopener\" target=\"_blank\"><strong>F\u00e9lix Mory<\/strong>, premier Tricolore de la Road, qui a abandonn\u00e9 suite \u00e0 une maladie entre les deux premiers tours<\/a>.\u00a0<\/p>\n<p>\u00a0<\/p>\n<p>Encore une belle semaine pour\u00a0Julien Quesne !<\/p>\n<p>En terminant 12e au Vaudreuil, <strong>Julien Quesne<\/strong> signe son meilleur r\u00e9sultat europ\u00e9en depuis sa huiti\u00e8me place au <strong>Swiss Challenge 2019<\/strong> ! Le double vainqueur sur le DP World Tour (2012 et 2013) confirme que cette saison 2025 est celle de son renouveau, apr\u00e8s ses brillants titres cette ann\u00e9e sur le circuit fran\u00e7ais \u00e0 l\u2019<strong>Omnium de la Riviera<\/strong> et \u00e0 l\u2019<strong>Open PGA France de Mont-de-Marsan<\/strong>.<\/p>\n<p>Le Sarthois de 44 ans va maintenant prendre la direction du Maroc pour disputer l\u2019<strong>International Series Morocco<\/strong> comptant pour l\u2019<strong>Asian Tour<\/strong>, qui se dispute sur le parcours rouge du <strong>Royal Golf Dar Es Salam<\/strong> de Rabat, connu pour accueillir le <strong>Troph\u00e9e Hassan-II<\/strong>.<\/p>\n<p>\t\t\t\t\t<a id=\"176120\" href=\"https:\/\/www.ticad.de\/en\/ticad-ten\/E610000\" target=\"_blank\" rel=\"sponsorised nofollow noopener\"><img decoding=\"async\" src=\"data:image\/svg+xml,%3Csvg%20xmlns=\" http:=\"\" class=\"img-responsive\" alt=\"\" data-lazy-src=\"https:\/\/www.europesays.com\/fr\/wp-content\/uploads\/2025\/06\/ticad-e01-ticadten-1170x275-1.gif\"\/><\/a><\/p>\n<p>Les autres Tricolores sont au-del\u00e0 du top 30 cette semaine. \u00c0 noter que <strong>Jo\u00ebl Stalter<\/strong> (qui jouera lui aussi l\u2019International Series Morocco avec \u00e9galement <strong>Julien Sale<\/strong> et <strong>Gary Stal<\/strong> la semaine prochaine) a termin\u00e9 avec sa plus belle carte de la semaine (68) et arrivera \u00e0 Rabat en confiance !<\/p>\n<p>\u00a0<\/p>\n<p>Le classement<\/p>\n<p><img loading=\"lazy\" decoding=\"async\" class=\"alignnone wp-image-178057 size-full\" src=\"data:image\/svg+xml,%3Csvg%20xmlns=\" http:=\"\" alt=\"\" width=\"770\" height=\"755\" data-lazy- data-lazy- data-lazy-src=\"https:\/\/www.europesays.com\/fr\/wp-content\/uploads\/2025\/06\/clvgct4bis.jpg\"\/><\/p>\n<p>Ils n\u2019ont pas pass\u00e9 le cut<\/p>\n<p><img loading=\"lazy\" decoding=\"async\" class=\"alignnone wp-image-178058 size-full\" src=\"data:image\/svg+xml,%3Csvg%20xmlns=\" http:=\"\" alt=\"\" width=\"770\" height=\"429\" data-lazy- data-lazy- data-lazy-src=\"https:\/\/www.europesays.com\/fr\/wp-content\/uploads\/2025\/06\/sciotvgct2cut-2.jpg\"\/><\/p>\n<p><img loading=\"lazy\" decoding=\"async\" class=\"alignnone wp-image-178059 size-full\" src=\"data:image\/svg+xml,%3Csvg%20xmlns=\" http:=\"\" alt=\"\" width=\"770\" height=\"776\" data-lazy- data-lazy- data-lazy-src=\"https:\/\/www.europesays.com\/fr\/wp-content\/uploads\/2025\/06\/sciotvgct2cut2-2.jpg\"\/><\/p>\n<p>\u00a0<\/p>\n<p>Photo : Jasper Wax \/ Getty \/ AFP<\/p>\n<p>\t\t\t<script async src=\"https:\/\/platform.twitter.com\/widgets.js\" charset=\"utf-8\"><\/script><\/p>\n","protected":false},"excerpt":{"rendered":"Partager cet article Partager la publication \u00ab\u00a0David Horsey s\u2019impose en play-off au Vaudreuil\u00a0\u00bb L\u2019exp\u00e9riment\u00e9 Anglais David Horsey remporte&hellip;\n","protected":false},"author":2,"featured_media":216211,"comment_status":"","ping_status":"","sticky":false,"template":"","format":"standard","meta":{"footnotes":""},"categories":[1418],"tags":[1011,27,1472,60],"class_list":{"0":"post-216210","1":"post","2":"type-post","3":"status-publish","4":"format-standard","5":"has-post-thumbnail","7":"category-golf","8":"tag-fr","9":"tag-france","10":"tag-golf","11":"tag-sports"},"share_on_mastodon":{"url":"https:\/\/pubeurope.com\/@fr\/114773538197492013","error":""},"_links":{"self":[{"href":"https:\/\/www.europesays.com\/fr\/wp-json\/wp\/v2\/posts\/216210","targetHints":{"allow":["GET"]}}],"collection":[{"href":"https:\/\/www.europesays.com\/fr\/wp-json\/wp\/v2\/posts"}],"about":[{"href":"https:\/\/www.europesays.com\/fr\/wp-json\/wp\/v2\/types\/post"}],"author":[{"embeddable":true,"href":"https:\/\/www.europesays.com\/fr\/wp-json\/wp\/v2\/users\/2"}],"replies":[{"embeddable":true,"href":"https:\/\/www.europesays.com\/fr\/wp-json\/wp\/v2\/comments?post=216210"}],"version-history":[{"count":0,"href":"https:\/\/www.europesays.com\/fr\/wp-json\/wp\/v2\/posts\/216210\/revisions"}],"wp:featuredmedia":[{"embeddable":true,"href":"https:\/\/www.europesays.com\/fr\/wp-json\/wp\/v2\/media\/216211"}],"wp:attachment":[{"href":"https:\/\/www.europesays.com\/fr\/wp-json\/wp\/v2\/media?parent=216210"}],"wp:term":[{"taxonomy":"category","embeddable":true,"href":"https:\/\/www.europesays.com\/fr\/wp-json\/wp\/v2\/categories?post=216210"},{"taxonomy":"post_tag","embeddable":true,"href":"https:\/\/www.europesays.com\/fr\/wp-json\/wp\/v2\/tags?post=216210"}],"curies":[{"name":"wp","href":"https:\/\/api.w.org\/{rel}","templated":true}]}}