{"id":216215,"date":"2025-06-30T17:42:18","date_gmt":"2025-06-30T17:42:18","guid":{"rendered":"https:\/\/www.europesays.com\/fr\/216215\/"},"modified":"2025-06-30T17:42:18","modified_gmt":"2025-06-30T17:42:18","slug":"premier-tour-national-des-u18-masculins","status":"publish","type":"post","link":"https:\/\/www.europesays.com\/fr\/216215\/","title":{"rendered":"Premier tour national des U18 masculins"},"content":{"rendered":"<p>                            <img decoding=\"async\" class=\"img-fluid thumbnail__news\" src=\"https:\/\/www.europesays.com\/fr\/wp-content\/uploads\/2025\/06\/70482705-493f-40cf-a322-992624971b62.jpg\" alt=\"Premier tour national des U18 masculins\"\/><br \/>\n                                                        La premi\u00e8re phase national de la Coupe de France U18 masculins aura lieu ce dimanche 5 janvier. Lors de ces 32e de finale, le tenant du titre, Cholet Basket, effectuera un d\u00e9placement d\u00e9licat \u00e0 Challans.<\/p>\n<p><strong>Programme des 32e de finale des U18 masculins<\/strong><br \/>Dimanche 5 janvier \u00e0 15h00<br \/>Boulazac Basket Dordogne (national) vs Union Poitiers Basket 86 (national)<\/p>\n<p>Samedi 4 janvier<br \/>Rez\u00e9 Basket 44 (r\u00e9gional, +7) vs Etoile Angers Basket (national)<br \/>Gravelines Grand Fort BCM (national) vs ASC Denain VPH (national)<\/p>\n<p>Dimanche 5 janvier<br \/>IE-CTC Toulouse Basket &#8211; Toulouse Lardenne Basket (r\u00e9gional) vs JSA Bordeaux (national)<br \/>Les Sables Vend\u00e9e Basket (r\u00e9gional, +7) vs Limoges CSP (national)<br \/>EB Pau-Lacq-Orthez (national) vs Stade Rochelais Rupella (national)<br \/>Vend\u00e9e Challans (national) vs Cholet Basket (national)<br \/>IE-CTC JALT JCM &#8211; Le Mans JCM (r\u00e9gional, +7) vs ADA Blois (national)<br \/>IE-CTC Rance Estuaire Basket (r\u00e9gional, +7) vs Nantes Basket Hermine (national)<br \/>UJAP Quimper (national) vs Le Mans SCM (national)<br \/>JSF Nanterre (national) vs Orl\u00e9ans Loiret BA (national)<br \/>Paris Basketball (national) vs Saint Charles Charenton Saint Maurice (national)<br \/>Le Montjoie Saint Denis en Val (d\u00e9partemental, +14) vs Rouen M\u00e9tropole Basket (national)<br \/>ALM Evreux (national) vs STB Le Havre (national)<br \/>IE-CTC Ozoir Val d&rsquo;Europe (r\u00e9gional, +7) vs ESSM Le Portel (national)<br \/>BC Ardres (r\u00e9gional, +7) vs Saint Quentin BB (national)<br \/>Union Champagne Ch\u00e2lons-Reims Basket (national) vs SLUC Nancy BA (national)<br \/>Furdenheim (r\u00e9gional) vs ASC Sainte Afre Riedisheim (r\u00e9gional)<br \/>ASA Gries\/Oberhoffen (national) vs JDA Dijon Bourgogne (national)<br \/>Aix-Maurienne SB (national) vs IE Oullins Ste Foy Basket Ball (national)<br \/>Clermont Basket (r\u00e9gional, +7) vs Chorale Roanne (national)<br \/>Charpennes Croix Luizet (r\u00e9gional, +7) vs Saint Chamond Basket Vall\u00e9e du Gier (national)<br \/>Stade Clermontois BA (r\u00e9gional, +7) vs JL Bourg Basket (national)<br \/>Vaulx en Velin BC (r\u00e9gional) vs ES Priss\u00e9 M\u00e2con (r\u00e9gional)<br \/>ASVEL Basket (national) vs Saint Vallier Basket Dr\u00f4me (national)<br \/>Le Cannet C\u00f4te D&rsquo;Azur Basket (national) vs IE-CTC Marseille M\u00e9tropole &#8211; Stade Marseillais UC (national)<br \/>Venelles Basket Club (r\u00e9gional, +7) vs IE- La Croix d&rsquo;argent Basket Montpellier (national)<br \/>SA Olympiques Antibes Juan Les Pins C\u00f4te d&rsquo;Azur (national) &#8211; SAS Fos Provence Basket (national)<\/p>\n<p>Mercredi 8 janvier<br \/>AS Fontenay aux Roses (d\u00e9partemental, +7) vs Levallois SCB (r\u00e9gional)<br \/>Elan Chalon (national) vs SIG Strasbourg (national)<br \/>Ajaccio Basket Club (r\u00e9gional, +7) vs AS Monaco Basket (national)<\/p>\n<p>Mercredi 15 janvier<br \/>IE-CTC Basket Centre Is\u00e8re &#8211; Basket Club Bavonne (r\u00e9gional, +7) vs JA Vichy (national)<\/p>\n","protected":false},"excerpt":{"rendered":"La premi\u00e8re phase national de la Coupe de France U18 masculins aura lieu ce dimanche 5 janvier. Lors&hellip;\n","protected":false},"author":2,"featured_media":216216,"comment_status":"","ping_status":"","sticky":false,"template":"","format":"standard","meta":{"footnotes":""},"categories":[1414],"tags":[1465,1464,1011,27,60],"class_list":{"0":"post-216215","1":"post","2":"type-post","3":"status-publish","4":"format-standard","5":"has-post-thumbnail","7":"category-basket","8":"tag-basket","9":"tag-basketball","10":"tag-fr","11":"tag-france","12":"tag-sports"},"share_on_mastodon":{"url":"https:\/\/pubeurope.com\/@fr\/114773553550469055","error":""},"_links":{"self":[{"href":"https:\/\/www.europesays.com\/fr\/wp-json\/wp\/v2\/posts\/216215","targetHints":{"allow":["GET"]}}],"collection":[{"href":"https:\/\/www.europesays.com\/fr\/wp-json\/wp\/v2\/posts"}],"about":[{"href":"https:\/\/www.europesays.com\/fr\/wp-json\/wp\/v2\/types\/post"}],"author":[{"embeddable":true,"href":"https:\/\/www.europesays.com\/fr\/wp-json\/wp\/v2\/users\/2"}],"replies":[{"embeddable":true,"href":"https:\/\/www.europesays.com\/fr\/wp-json\/wp\/v2\/comments?post=216215"}],"version-history":[{"count":0,"href":"https:\/\/www.europesays.com\/fr\/wp-json\/wp\/v2\/posts\/216215\/revisions"}],"wp:featuredmedia":[{"embeddable":true,"href":"https:\/\/www.europesays.com\/fr\/wp-json\/wp\/v2\/media\/216216"}],"wp:attachment":[{"href":"https:\/\/www.europesays.com\/fr\/wp-json\/wp\/v2\/media?parent=216215"}],"wp:term":[{"taxonomy":"category","embeddable":true,"href":"https:\/\/www.europesays.com\/fr\/wp-json\/wp\/v2\/categories?post=216215"},{"taxonomy":"post_tag","embeddable":true,"href":"https:\/\/www.europesays.com\/fr\/wp-json\/wp\/v2\/tags?post=216215"}],"curies":[{"name":"wp","href":"https:\/\/api.w.org\/{rel}","templated":true}]}}