{"id":216227,"date":"2025-06-30T17:48:10","date_gmt":"2025-06-30T17:48:10","guid":{"rendered":"https:\/\/www.europesays.com\/fr\/216227\/"},"modified":"2025-06-30T17:48:10","modified_gmt":"2025-06-30T17:48:10","slug":"decouvrez-les-spectaculaires-sculptures-sur-paille-et-sur-foin-de-valloire","status":"publish","type":"post","link":"https:\/\/www.europesays.com\/fr\/216227\/","title":{"rendered":"d\u00e9couvrez les spectaculaires sculptures sur paille et sur foin de Valloire"},"content":{"rendered":"<p> Le 14e concours international de sculpture sur paille et foin de Valloire s\u2019est achev\u00e9 dimanche. Pendant 5 jours, 12 duos d\u2019artistes \u00e9taient r\u00e9unis au hameau des Verneys pour produire des sculptures pouvant mesurer jusqu\u2019\u00e0 6 m\u00e8tres de haut. Une structure en bois soutient une armature faite de tiges m\u00e9tallique et de grillages qui est ensuite recouverte de foin, pour cr\u00e9er des formes originales et po\u00e9tiques. Le jury a remis le premier prix du concours \u00e0\u00a0\u00ab\u00a0Wall between us\u00a0\u00bb de Danas Aleksa et Tauras Kensminas de Lituanie. Les \u0153uvres seront visibles, sur la route du Galibier, jusqu\u2019\u00e0 la Toussaint. Des visites comment\u00e9es seront m\u00eame propos\u00e9es cet \u00e9t\u00e9 les mercredis \u00e0 17 heures.<\/p>\n","protected":false},"excerpt":{"rendered":"Le 14e concours international de sculpture sur paille et foin de Valloire s\u2019est achev\u00e9 dimanche. Pendant 5 jours,&hellip;\n","protected":false},"author":2,"featured_media":216228,"comment_status":"","ping_status":"","sticky":false,"template":"","format":"standard","meta":{"footnotes":""},"categories":[1358],"tags":[7002,7004,1348,1384,1385,5509,1687,1386,58,7001,7003,59,2271,107,1011,27,5325,2798,1757,28020,17015,5508,273,35558],"class_list":{"0":"post-216227","1":"post","2":"type-post","3":"status-publish","4":"format-standard","5":"has-post-thumbnail","7":"category-arts-et-design","8":"tag-aix-les-bains","9":"tag-albertville","10":"tag-arts","11":"tag-arts-and-design","12":"tag-arts-et-design","13":"tag-chambery","14":"tag-culture-loisirs","15":"tag-design","16":"tag-divertissement","17":"tag-edition-chambery-aix-les-bains","18":"tag-edition-tarentaise-maurienne","19":"tag-entertainment","20":"tag-exposition-arts-plastiques","21":"tag-fil-info","22":"tag-fr","23":"tag-france","24":"tag-galerie-media","25":"tag-galerie-photo","26":"tag-insolite","27":"tag-maurienne","28":"tag-saint-jean-de-maurienne","29":"tag-savoie","30":"tag-selection-de-la-redaction","31":"tag-valloire"},"share_on_mastodon":{"url":"https:\/\/pubeurope.com\/@fr\/114773577949630980","error":""},"_links":{"self":[{"href":"https:\/\/www.europesays.com\/fr\/wp-json\/wp\/v2\/posts\/216227","targetHints":{"allow":["GET"]}}],"collection":[{"href":"https:\/\/www.europesays.com\/fr\/wp-json\/wp\/v2\/posts"}],"about":[{"href":"https:\/\/www.europesays.com\/fr\/wp-json\/wp\/v2\/types\/post"}],"author":[{"embeddable":true,"href":"https:\/\/www.europesays.com\/fr\/wp-json\/wp\/v2\/users\/2"}],"replies":[{"embeddable":true,"href":"https:\/\/www.europesays.com\/fr\/wp-json\/wp\/v2\/comments?post=216227"}],"version-history":[{"count":0,"href":"https:\/\/www.europesays.com\/fr\/wp-json\/wp\/v2\/posts\/216227\/revisions"}],"wp:featuredmedia":[{"embeddable":true,"href":"https:\/\/www.europesays.com\/fr\/wp-json\/wp\/v2\/media\/216228"}],"wp:attachment":[{"href":"https:\/\/www.europesays.com\/fr\/wp-json\/wp\/v2\/media?parent=216227"}],"wp:term":[{"taxonomy":"category","embeddable":true,"href":"https:\/\/www.europesays.com\/fr\/wp-json\/wp\/v2\/categories?post=216227"},{"taxonomy":"post_tag","embeddable":true,"href":"https:\/\/www.europesays.com\/fr\/wp-json\/wp\/v2\/tags?post=216227"}],"curies":[{"name":"wp","href":"https:\/\/api.w.org\/{rel}","templated":true}]}}