{"id":216231,"date":"2025-06-30T17:50:20","date_gmt":"2025-06-30T17:50:20","guid":{"rendered":"https:\/\/www.europesays.com\/fr\/216231\/"},"modified":"2025-06-30T17:50:20","modified_gmt":"2025-06-30T17:50:20","slug":"qui-est-le-pere-de-lenfant-de-kelly-axelle-dodier-la-reponse-spoilers","status":"publish","type":"post","link":"https:\/\/www.europesays.com\/fr\/216231\/","title":{"rendered":"Qui est le p\u00e8re de l&rsquo;enfant de Kelly (Axelle Dodier) ? La r\u00e9ponse (SPOILERS)"},"content":{"rendered":"<p>Ce lundi 30 juin 2025, \u00e0 partir de 18h30, les t\u00e9l\u00e9spectateurs d&rsquo;Ici tout commence, retrouveront le personnage Kelly (Axelle Dodier). Et cette derni\u00e8re revient&#8230;enceinte ! Et le nom du p\u00e8re de son b\u00e9b\u00e9 a d\u00e9j\u00e0 fuit\u00e9 dans la presse !<\/p>\n<p><b>Attention spoilers, ne lisez pas la suite si vous ne souhaitez pas savoir en avance ce qu&rsquo;il va se passer dans la s\u00e9rie !<\/b> Plusieurs personnages historiques d&rsquo;<b>Ici tout commence<\/b> s&rsquo;appr\u00eatent \u00e0 revenir dans les locaux de la prestigieuse \u00e9cole de cuisine fond\u00e9e par le c\u00e9l\u00e8bre chef Auguste Armand. Une s\u00e9rie de retours qui commence ce lundi 30 juin 2025, avec l&rsquo;arriv\u00e9e d\u2019une com\u00e9dienne qui avait profond\u00e9ment touch\u00e9<a href=\"https:\/\/www.programme-tv.net\/news\/series-tv\/357146-ici-tout-commence-leroy-ou-teyssier-qui-est-le-meilleur-directeur-la-reponse-de-zoi-severin-jasmine-et-lucien-belves-lionel\/\" data-api-deeplink=\"teleloisirs:\/\/news\/357146\" target=\"_blank\" rel=\"noopener\"> Lucien Belv\u00e8s (Lionel) et Zo\u00ef S\u00e9verin (Jasmine)<\/a> lors de son d\u00e9part : <b>Axelle Dodier<\/b>. En effet,<b> Kelly<\/b> va surprendre les pensionnaires de l&rsquo;Institut Auguste Armand puisque <a href=\"https:\/\/www.programme-tv.net\/news\/series-tv\/382088-ici-tout-commence-kelly-axelle-dodier-va-faire-son-grand-retour-lundi-et-elle-est-enceinte-spoilers\/\" data-api-deeplink=\"teleloisirs:\/\/news\/382088\" target=\"_blank\" rel=\"noopener\">cette derni\u00e8re est enceinte<\/a> jusqu&rsquo;aux dents&#8230; Mais qui est le p\u00e8re de son b\u00e9b\u00e9 ? Un nom circule d\u00e9j\u00e0 dans la presse !<\/p>\n<p>Ici tout commence : Kelly (Axelle Dodier) fait une r\u00e9v\u00e9lation surprenante \u00e0  Jasmine (Zo\u00ef S\u00e9verin)&#8230;<\/p>\n<p>Dans le 1209e \u00e9pisode d&rsquo;Ici tout commence, diffus\u00e9 ce mardi 1er juillet 2025 et disponible sur TF1+, Jasmine (<a href=\"https:\/\/www.programme-tv.net\/biographie\/889676-severin-zoi\/\" data-link-people=\"d3914db8-2370-434b-8117-1f43de433d89\" target=\"_blank\" rel=\"noopener\">Zo\u00ef S\u00e9verin<\/a>) organise une soir\u00e9e festive pour le retour de son amie Kelly (Axelle Dodier). Plusieurs personnalit\u00e9s embl\u00e9matiques de l&rsquo;\u00e9cole r\u00e9pondent pr\u00e9sentes : Emy (Loryn Nounay), Jim (<a href=\"https:\/\/www.programme-tv.net\/biographie\/3846030-becmont-loan\/\" data-link-people=\"5c17b4d7-9ae9-4751-bc07-401cdd43178f\" target=\"_blank\" rel=\"noopener\">Loan Becmont<\/a>), Lionel (Lucien Belv\u00e8s), Souleymane (Dembo Camillo) et <a href=\"https:\/\/www.programme-tv.net\/biographie\/415345-telle-terence\/\" data-link-people=\"1c5017e2-a6a5-4ccc-b013-ae12f70c2314\" target=\"_blank\" rel=\"noopener\">Terence Telle<\/a> (Ga\u00ebtan)&#8230; Quelques instants apr\u00e8s le d\u00e9but de la soir\u00e9e, <b>la m\u00e8re de Na\u00ebl et le fr\u00e8re de Thibault interrogent Kelly sur l&rsquo;identit\u00e9 du p\u00e8re du b\u00e9b\u00e9<\/b>. G\u00ean\u00e9e, la jeune femme botte en touche et change rapidement de sujet&#8230; Un peu plus tard, la future m\u00e8re de famille s&rsquo;isole avec Jasmine et lui fait une r\u00e9v\u00e9lation qui pourrait bien chambouler l&rsquo;\u00e9t\u00e9 de l&rsquo;\u00e9cole de cuisine : \u00ab\u00a0<b>Le p\u00e8re de mon enfant est \u00e0 l\u2019Institut<\/b>. Si je suis venue, c\u2019est pour lui annoncer.\u00a0\u00bb Mais de qui s&rsquo;agit-il ? La r\u00e9ponse !<\/p>\n<p>                        Ici tout commence : Qui est le p\u00e8re du futur b\u00e9b\u00e9 de Kelly (Axelle Dodier) ? La r\u00e9ponse pourrait surprendre les fans du feuilleton quotidien de TF1&#8230;<\/p>\n<p>Tout le monde s&rsquo;interroge \u00e0 l&rsquo;Institut Auguste Armand : Qui est le p\u00e8re du futur b\u00e9b\u00e9 de la jeune Kelly ? S&rsquo;agit-il de Lionel ? C\u2019est l\u2019hypoth\u00e8se la plus probable au vu de l\u2019histoire d\u2019amour qu\u2019il a v\u00e9cue avec<a href=\"https:\/\/www.programme-tv.net\/news\/series-tv\/356215-ici-tout-commence-axelle-dodier-kelly-quitte-la-serie-ce-mardi-2-juillet-son-depart-est-il-definitif\/\" data-api-deeplink=\"teleloisirs:\/\/news\/356215\" target=\"_blank\" rel=\"noopener\"> l\u2019ex-championne de France de cuisine qui a quitt\u00e9 l&rsquo;\u00e9tablissement<\/a> il y a quasiment un an jour pour jour&#8230;  N\u00e9anmoins, comme pour chaque intrigue, Ici tout commence r\u00e9serve son lot de surprises, puisque le p\u00e8re de l\u2019enfant serait, selon nos confr\u00e8res de <a href=\"https:\/\/programmetv.ouest-france.fr\/serie\/dramatique\/ici-tout-commence-m178608334\/ici-tout-commence-les-resumes-en-avance-des-episodes-du-30-juin-au-4-juillet-2025-18cf1ea2-5592-11f0-8d7d-49e18ac65051\" target=\"_blank\" rel=\"noopener\">Ouest France<\/a>, un autre membre de l&rsquo;Institut : Souleymane ! Une r\u00e9v\u00e9lation qui pourrait de surprendre les fid\u00e8les t\u00e9l\u00e9spectateurs de la s\u00e9rie autant qu&rsquo;elle a surpris l&rsquo;\u00e9quipe de T\u00e9l\u00e9-Loisirs. Il semble n\u00e9anmoins important de rappeler que cette intrigue ne fait que commencer et qu\u2019elle pourrait encore donner lieu \u00e0 de nombreux rebondissements. Affaire \u00e0 suivre donc !<\/p>\n","protected":false},"excerpt":{"rendered":"Ce lundi 30 juin 2025, \u00e0 partir de 18h30, les t\u00e9l\u00e9spectateurs d&rsquo;Ici tout commence, retrouveront le personnage Kelly&hellip;\n","protected":false},"author":2,"featured_media":216232,"comment_status":"","ping_status":"","sticky":false,"template":"","format":"standard","meta":{"footnotes":""},"categories":[1356],"tags":[35559,244,35561,58,59,1011,27,620,2173,35560,252,199,5251,1364],"class_list":{"0":"post-216231","1":"post","2":"type-post","3":"status-publish","4":"format-standard","5":"has-post-thumbnail","7":"category-television","8":"tag-axelle-dodier","9":"tag-commentaire","10":"tag-dembo-camilo","11":"tag-divertissement","12":"tag-entertainment","13":"tag-fr","14":"tag-france","15":"tag-ici-tout-commence","16":"tag-interview","17":"tag-lucien-belvu00e8s","18":"tag-television","19":"tag-tf1","20":"tag-tu00e9lu00e9-loisirs","21":"tag-tv"},"share_on_mastodon":{"url":"https:\/\/pubeurope.com\/@fr\/114773584951921548","error":""},"_links":{"self":[{"href":"https:\/\/www.europesays.com\/fr\/wp-json\/wp\/v2\/posts\/216231","targetHints":{"allow":["GET"]}}],"collection":[{"href":"https:\/\/www.europesays.com\/fr\/wp-json\/wp\/v2\/posts"}],"about":[{"href":"https:\/\/www.europesays.com\/fr\/wp-json\/wp\/v2\/types\/post"}],"author":[{"embeddable":true,"href":"https:\/\/www.europesays.com\/fr\/wp-json\/wp\/v2\/users\/2"}],"replies":[{"embeddable":true,"href":"https:\/\/www.europesays.com\/fr\/wp-json\/wp\/v2\/comments?post=216231"}],"version-history":[{"count":0,"href":"https:\/\/www.europesays.com\/fr\/wp-json\/wp\/v2\/posts\/216231\/revisions"}],"wp:featuredmedia":[{"embeddable":true,"href":"https:\/\/www.europesays.com\/fr\/wp-json\/wp\/v2\/media\/216232"}],"wp:attachment":[{"href":"https:\/\/www.europesays.com\/fr\/wp-json\/wp\/v2\/media?parent=216231"}],"wp:term":[{"taxonomy":"category","embeddable":true,"href":"https:\/\/www.europesays.com\/fr\/wp-json\/wp\/v2\/categories?post=216231"},{"taxonomy":"post_tag","embeddable":true,"href":"https:\/\/www.europesays.com\/fr\/wp-json\/wp\/v2\/tags?post=216231"}],"curies":[{"name":"wp","href":"https:\/\/api.w.org\/{rel}","templated":true}]}}