{"id":216235,"date":"2025-06-30T17:52:15","date_gmt":"2025-06-30T17:52:15","guid":{"rendered":"https:\/\/www.europesays.com\/fr\/216235\/"},"modified":"2025-06-30T17:52:15","modified_gmt":"2025-06-30T17:52:15","slug":"cest-officiellement-la-fin-pour-akira-chez-warner-bros","status":"publish","type":"post","link":"https:\/\/www.europesays.com\/fr\/216235\/","title":{"rendered":"C&rsquo;est officiellement la fin pour Akira chez Warner Bros"},"content":{"rendered":"<p>L\u2019histoire d\u2019un projet de longue haleine\u2026 qui ne verra jamais le jour. Depuis 20 ans, Warner Bros planche sur<strong> l\u2019adaptation en prise de vues r\u00e9elles d\u2019Akira<\/strong>. Le chef-d\u2019\u0153uvre de Katsushiro \u00d4tomo comptait parmi les imaginaires que la firme esp\u00e9rait r\u00e9inventer, elle doit maintenant se r\u00e9soudre \u00e0 faire ses adieux. Selon les informations de The Hollywood Reporter, Warner Bros c\u00e8de les droits du film et abandonne purement et simplement ce nouveau projet d\u2019adaptation. Pour rappel, <strong>le manga publi\u00e9 en 1982<\/strong> avait d\u00e9j\u00e0 profit\u00e9 d\u2019une adaptation sous l\u2019\u00e9gide de son cr\u00e9ateur et en animation. Un monument de la culture nippone et mondiale qui se cherche dor\u00e9navant une nouvelle demeure. <strong>Warner avait acquis les droits d\u2019adaptation en 2002.<\/strong> \u00c0 cette \u00e9poque, c\u2019est le <strong>r\u00e9alisateur de Blade (Stephen Norrington)<\/strong> qui devait porter les aventures de Tetsuo au cin\u00e9ma. Des millions de dollars ont \u00e9t\u00e9 d\u00e9pens\u00e9s pour le d\u00e9veloppement mais le projet n\u2019a jamais vu le jour. Quantit\u00e9 de cr\u00e9atifs et d\u2019acteurs se sont impliqu\u00e9s au fil des ann\u00e9es.<\/p>\n<p>C\u2019est le cas de<strong> Leonardo DiCaprio et Jennifer Davisson<\/strong> qui ont \u00e9t\u00e9 les producteurs d\u2019une version imagin\u00e9e par Legendary Pictures. Gary Whitta, Mark Fergus, Steve Kloves ou encore Jaume Collet-Serra, la version live-action d\u2019Akira est pass\u00e9e entre de nombreuses mains. Le dernier \u00e0 avoir \u00e9tudi\u00e9 le bienfond\u00e9 d\u2019un tel <strong>remake est Taika Waititi.<\/strong> Fort du succ\u00e8s de son Thor\u00a0: Ragnarok, le metteur en sc\u00e8ne devait participer \u00e0 l\u2019\u00e9criture et \u00e0 la mise en sc\u00e8ne de cette version. Elle a \u00e9t\u00e9 applaudie par le studio mais le calendrier charg\u00e9 du r\u00e9alisateur a largement retard\u00e9 le processus. Jojo Rabbit, quelques \u00e9pisodes de The Mandalorian ou encore <a href=\"https:\/\/www.journaldugeek.com\/2022\/07\/12\/le-realisateur-de-thor-love-and-thunder-a-une-dent-contre-stranger-things\/\" rel=\"nofollow noopener\" target=\"_blank\">Thor\u00a0: Love and Thunder<\/a>, Waititi ne savait plus o\u00f9 donner de la t\u00eate et Akira est pass\u00e9 en bas de la liste de ses priorit\u00e9s. Tant et si bien que, m\u00eame si <strong>une date de sortie en 2021 a \u00e9t\u00e9 avanc\u00e9e<\/strong>, le film a \u00e9t\u00e9 mis en sommeil jusqu\u2019\u00e0 nouvel ordre.<\/p>\n<p> En qu\u00eate d\u2019un repreneur <\/p>\n<p>Plus de 20 ans apr\u00e8s l\u2019achat des droits d\u2019adaptation par Warner Bros, Kodansha r\u00e9cup\u00e8re la main mise sur l\u2019univers cyberpunk et esp\u00e8re trouver de nouveaux collaborateurs. Selon les informations de The Hollywood Reporter, \u00e7a se bouscule au portillon chez les g\u00e9ants du cin\u00e9ma, comme les plateformes de streaming. De nombreux producteurs et talents ont d\u00e9j\u00e0 montr\u00e9 leur int\u00e9r\u00eat. Aucun nom n\u2019a encore \u00e9t\u00e9 \u00e9voqu\u00e9, il est n\u00e9anmoins difficile de croire qu\u2019un projet soit laiss\u00e9 \u00e0 l\u2019abandon tr\u00e8s longtemps. Toujours \u00e0 la recherche de propri\u00e9t\u00e9s intellectuelles captivantes, les firmes du secteur pourraient entrer dans la course tr\u00e8s prochainement.<\/p>\n<p>Pour les adorateurs de l\u2019univers, qui esp\u00e8re voir Tetsuo devenir de chair et d\u2019os depuis deux d\u00e9cennies, il y a encore de l\u2019espoir. On peut en effet imaginer que ce nouveau d\u00e9part soit une occasion de trouver un nouvel angle d\u2019attaque et de passer la seconde. Reste \u00e0 voir maintenant qui se portera acqu\u00e9reur et qui parviendra \u00e0 remporter la mise. Pour rappel, Akira plonge les lecteurs en 2019, \u00e0 Tokyo apr\u00e8s une Troisi\u00e8me Guerre mondiale. Baptis\u00e9e Neo-Tokyo, la ville est corrompue et sillonn\u00e9e par des bandes de motards. L\u2019un d\u2019entre eux, Testuo, va faire la rencontre d\u2019un myst\u00e9rieux enfant\u00a0: Akira. Il va d\u00e9couvrir que ce gar\u00e7on \u00e0 la force incroyable est \u00e0 l\u2019origine de la destruction de Tokyo 31 ans plus t\u00f4t.<\/p>\n<blockquote>\n<p class=\"text-base text-neutral-700 dark:text-neutral-300\">\ud83d\udfe3 Pour ne manquer aucune news sur le Journal du Geek, abonnez-vous sur <a href=\"https:\/\/news.google.com\/publications\/CAAqBwgKMNr_hAswwYyCAw?hl=fr&amp;gl=FR&amp;ceid=FR%3Afr\" target=\"_blank\" rel=\"nofollow noopener\">Google Actualit\u00e9s<\/a> et sur <a href=\"https:\/\/whatsapp.com\/channel\/0029VaClM5y4tRry12tb7D2h\" target=\"_blank\" rel=\"nofollow noopener\">notre WhatsApp<\/a>. Et si vous nous adorez, on a <a href=\"https:\/\/www.journaldugeek.com\/newsletter\/\" target=\"_blank\" rel=\"nofollow noopener\">une newsletter tous les matins<\/a>.<\/p>\n<\/blockquote>\n","protected":false},"excerpt":{"rendered":"L\u2019histoire d\u2019un projet de longue haleine\u2026 qui ne verra jamais le jour. Depuis 20 ans, Warner Bros planche&hellip;\n","protected":false},"author":2,"featured_media":216236,"comment_status":"","ping_status":"","sticky":false,"template":"","format":"standard","meta":{"footnotes":""},"categories":[1354],"tags":[35562,58,59,1346,1011,27,1360,5523],"class_list":{"0":"post-216235","1":"post","2":"type-post","3":"status-publish","4":"format-standard","5":"has-post-thumbnail","7":"category-films","8":"tag-akira","9":"tag-divertissement","10":"tag-entertainment","11":"tag-films","12":"tag-fr","13":"tag-france","14":"tag-movies","15":"tag-warner-bros"},"share_on_mastodon":{"url":"https:\/\/pubeurope.com\/@fr\/114773592895265945","error":""},"_links":{"self":[{"href":"https:\/\/www.europesays.com\/fr\/wp-json\/wp\/v2\/posts\/216235","targetHints":{"allow":["GET"]}}],"collection":[{"href":"https:\/\/www.europesays.com\/fr\/wp-json\/wp\/v2\/posts"}],"about":[{"href":"https:\/\/www.europesays.com\/fr\/wp-json\/wp\/v2\/types\/post"}],"author":[{"embeddable":true,"href":"https:\/\/www.europesays.com\/fr\/wp-json\/wp\/v2\/users\/2"}],"replies":[{"embeddable":true,"href":"https:\/\/www.europesays.com\/fr\/wp-json\/wp\/v2\/comments?post=216235"}],"version-history":[{"count":0,"href":"https:\/\/www.europesays.com\/fr\/wp-json\/wp\/v2\/posts\/216235\/revisions"}],"wp:featuredmedia":[{"embeddable":true,"href":"https:\/\/www.europesays.com\/fr\/wp-json\/wp\/v2\/media\/216236"}],"wp:attachment":[{"href":"https:\/\/www.europesays.com\/fr\/wp-json\/wp\/v2\/media?parent=216235"}],"wp:term":[{"taxonomy":"category","embeddable":true,"href":"https:\/\/www.europesays.com\/fr\/wp-json\/wp\/v2\/categories?post=216235"},{"taxonomy":"post_tag","embeddable":true,"href":"https:\/\/www.europesays.com\/fr\/wp-json\/wp\/v2\/tags?post=216235"}],"curies":[{"name":"wp","href":"https:\/\/api.w.org\/{rel}","templated":true}]}}