{"id":21624,"date":"2025-04-13T07:15:15","date_gmt":"2025-04-13T07:15:15","guid":{"rendered":"https:\/\/www.europesays.com\/fr\/21624\/"},"modified":"2025-04-13T07:15:15","modified_gmt":"2025-04-13T07:15:15","slug":"tous-les-engages-du-week-end-11-actualite","status":"publish","type":"post","link":"https:\/\/www.europesays.com\/fr\/21624\/","title":{"rendered":"Tous les engag\u00e9s du week-end #11 &#8211; Actualit\u00e9"},"content":{"rendered":"<p style=\"text-align: justify;\">Chaque semaine, DirectVelo vous propose de retrouver toutes les listes des engag\u00e9s (ou des partants) des \u00e9preuves fran\u00e7aises, des courses internationales WorldTour jusqu&rsquo;aux \u00e9preuves r\u00e9gionales Toutes Cat\u00e9gories.<\/p>\n<p><strong>Mercredi 9 avril<\/strong><br \/>Circuit des Ardennes (2.2) &#8211; 09 au 13\/04 &#8211;\u00a0<strong><a href=\"https:\/\/www.directvelo.com\/actualite\/119750\/circuit-des-ardennes-les-partants\" target=\"_blank\" rel=\"nofollow noopener\">Voir ici<\/a><\/strong> &#8211;<br \/>R\u00e9gion Pays de la Loire Tour F\u00e9minin (WE 1.2) &#8211; <strong><a href=\"https:\/\/www.directvelo.com\/actualite\/119746\/region-pays-de-la-loire-tour-feminin-les-partantes\" target=\"_blank\" rel=\"nofollow noopener\">Voir ici<\/a><\/strong>\u00a0&#8211;<\/p>\n<p><strong>Vendredi 11 avril<\/strong> <br \/>6 Jours du Cr\u00e9dit Agricole &#8211; 04 au 06\/04 et 11 au 13\/04 (\u00c9preuve r\u00e9gionale) &#8211;\u00a0<strong><a href=\"https:\/\/www.directvelo.com\/actualite\/119628\/6-jours-du-credit-agricole-les-engages\" target=\"_blank\" rel=\"nofollow noopener\">Voir ici<\/a><\/strong> &#8211;<\/p>\n<p><strong>Samedi 12 avril<\/strong><br \/>Paris-Roubaix Femmes avec Zwift (1.WWT) &#8211;\u00a0<strong><a href=\"https:\/\/www.directvelo.com\/actualite\/119837\/paris-roubaix-femmes-les-partantes\" target=\"_blank\" rel=\"nofollow noopener\">Voir ici<\/a><\/strong> &#8211;<br \/>La Gainsbarre (\u00c9lite Nationale) &#8211;\u00a0<strong><a href=\"https:\/\/www.directvelo.com\/actualite\/119838\/la-gainsbarre-les-partants\" target=\"_blank\" rel=\"nofollow noopener\">Voir ici<\/a><\/strong> &#8211;<br \/>Tour du Charollais (\u00c9lite Nationale) &#8211;\u00a0<strong><a href=\"https:\/\/www.directvelo.com\/actualite\/119840\/tour-du-charollais-les-partants\" target=\"_blank\" rel=\"nofollow noopener\">Voir ici<\/a><\/strong> &#8211;<br \/>Tour de l&rsquo;Orne F\u00e9minin &#8211; 12 et 13\/04 (Coupe de France Femmes N2) &#8211;\u00a0<strong><a href=\"https:\/\/www.directvelo.com\/actualite\/119839\/tour-de-lorne-feminin-les-partantes\" target=\"_blank\" rel=\"nofollow noopener\">Voir ici<\/a><\/strong> &#8211;<\/p>\n<p><strong>Dimanche 13 avril<\/strong><br \/>Paris-Roubaix (1.UWT) &#8211;\u00a0<strong><a href=\"https:\/\/www.directvelo.com\/actualite\/119761\/paris-roubaix-les-engages\" target=\"_blank\" rel=\"nofollow noopener\">Voir ici<\/a><\/strong> &#8211;<br \/>Paris-Roubaix Espoirs (1.2U) &#8211;\u00a0<strong><a href=\"https:\/\/www.directvelo.com\/actualite\/119763\/paris-roubaix-espoirs-les-engages\" target=\"_blank\" rel=\"nofollow noopener\">Voir ici<\/a><\/strong> &#8211;<br \/>Paris-Roubaix Juniors (Coupe des Nations Juniors) &#8211;\u00a0<strong><a href=\"https:\/\/www.directvelo.com\/actualite\/119644\/paris-roubaix-juniors-les-engages\" target=\"_blank\" rel=\"nofollow noopener\">Voir ici<\/a><\/strong> &#8211;<br \/>Classique du Ch\u00e2tillonnais (\u00c9lite Nationale) &#8211;\u00a0<strong><a href=\"https:\/\/www.directvelo.com\/actualite\/119765\/classique-du-chatillonnais-les-engages\" target=\"_blank\" rel=\"nofollow noopener\">Voir ici<\/a><\/strong> &#8211;<br \/>La Gislard (\u00c9lite Nationale) &#8211;\u00a0<strong><a href=\"https:\/\/www.directvelo.com\/actualite\/119767\/la-gislard-les-engages\" target=\"_blank\" rel=\"nofollow noopener\">Voir ici<\/a><\/strong> &#8211;<br \/>Redon-Redon (\u00c9lite Nationale) &#8211;\u00a0<strong><a href=\"https:\/\/www.directvelo.com\/actualite\/119768\/redon-redon-les-engages\" target=\"_blank\" rel=\"nofollow noopener\">Voir ici<\/a><\/strong> &#8211;<br \/>Grand Prix Fernand Durel (F\u00e9d\u00e9rale Juniors) &#8211;\u00a0<strong><a href=\"https:\/\/www.directvelo.com\/actualite\/119769\/grand-prix-fernand-durel-les-engages\" target=\"_blank\" rel=\"nofollow noopener\">Voir ici<\/a><\/strong> &#8211;<br \/>Grand Prix Hyper U \u00e0 Gueberschwihr (\u00c9preuve r\u00e9gionale) &#8211;\u00a0<strong><a href=\"https:\/\/www.directvelo.com\/actualite\/119773\/grand-prix-hyper-u-a-gueberschwihr-les-engages\" target=\"_blank\" rel=\"nofollow noopener\">Voir ici<\/a><\/strong> &#8211;<\/p>\n<p><strong>Lundi 14 avril<\/strong><br \/>Grand Prix des F\u00eates de C\u00e9nac et Saint-Julien (\u00c9lite Nationale) &#8211;\u00a0<strong><a href=\"https:\/\/www.directvelo.com\/actualite\/119775\/grand-prix-des-fetes-de-cenac-et-saint-julien-les-engages\" target=\"_blank\" rel=\"nofollow noopener\">Voir ici<\/a><\/strong> &#8211;<\/p>\n<p><strong>Mercredi 16 avril<\/strong><br \/>Tour du Loir-et-Cher (2.2) &#8211; 16 au 20\/04 &#8211; A venir &#8211;<\/p>\n","protected":false},"excerpt":{"rendered":"Chaque semaine, DirectVelo vous propose de retrouver toutes les listes des engag\u00e9s (ou des partants) des \u00e9preuves fran\u00e7aises,&hellip;\n","protected":false},"author":2,"featured_media":21625,"comment_status":"","ping_status":"","sticky":false,"template":"","format":"standard","meta":{"footnotes":""},"categories":[1411],"tags":[834,828,836,829,837,827,83,826,824,823,1154,207,814,817,815,816,822,821,832,211,839,1011,27,820,818,819,835,831,830,833,838,60,212,208,825],"class_list":{"0":"post-21624","1":"post","2":"type-post","3":"status-publish","4":"format-standard","5":"has-post-thumbnail","7":"category-cyclisme","8":"tag-attaque","9":"tag-belgique","10":"tag-braquet","11":"tag-bretagne","12":"tag-chute","13":"tag-competition","14":"tag-coupe-de-france","15":"tag-coureur","16":"tag-course-cyclisme","17":"tag-course-cycliste","18":"tag-cycling","19":"tag-cyclisme","20":"tag-direct","21":"tag-direct-velo","22":"tag-directvelo","23":"tag-directvelo-com","24":"tag-epreuve","25":"tag-epreuve-cycliste","26":"tag-federation-francaise-de-cyclisme","27":"tag-ffc","28":"tag-flandres","29":"tag-fr","30":"tag-france","31":"tag-live","32":"tag-live-course","33":"tag-live-epreuve","34":"tag-peloton","35":"tag-radio-peloton","36":"tag-radio-tour","37":"tag-ravitaillement","38":"tag-relance","39":"tag-sports","40":"tag-uci","41":"tag-velo","42":"tag-velos"},"share_on_mastodon":{"url":"https:\/\/pubeurope.com\/@fr\/114329427804581525","error":""},"_links":{"self":[{"href":"https:\/\/www.europesays.com\/fr\/wp-json\/wp\/v2\/posts\/21624","targetHints":{"allow":["GET"]}}],"collection":[{"href":"https:\/\/www.europesays.com\/fr\/wp-json\/wp\/v2\/posts"}],"about":[{"href":"https:\/\/www.europesays.com\/fr\/wp-json\/wp\/v2\/types\/post"}],"author":[{"embeddable":true,"href":"https:\/\/www.europesays.com\/fr\/wp-json\/wp\/v2\/users\/2"}],"replies":[{"embeddable":true,"href":"https:\/\/www.europesays.com\/fr\/wp-json\/wp\/v2\/comments?post=21624"}],"version-history":[{"count":0,"href":"https:\/\/www.europesays.com\/fr\/wp-json\/wp\/v2\/posts\/21624\/revisions"}],"wp:featuredmedia":[{"embeddable":true,"href":"https:\/\/www.europesays.com\/fr\/wp-json\/wp\/v2\/media\/21625"}],"wp:attachment":[{"href":"https:\/\/www.europesays.com\/fr\/wp-json\/wp\/v2\/media?parent=21624"}],"wp:term":[{"taxonomy":"category","embeddable":true,"href":"https:\/\/www.europesays.com\/fr\/wp-json\/wp\/v2\/categories?post=21624"},{"taxonomy":"post_tag","embeddable":true,"href":"https:\/\/www.europesays.com\/fr\/wp-json\/wp\/v2\/tags?post=21624"}],"curies":[{"name":"wp","href":"https:\/\/api.w.org\/{rel}","templated":true}]}}