{"id":216241,"date":"2025-06-30T17:55:11","date_gmt":"2025-06-30T17:55:11","guid":{"rendered":"https:\/\/www.europesays.com\/fr\/216241\/"},"modified":"2025-06-30T17:55:11","modified_gmt":"2025-06-30T17:55:11","slug":"france-2-faustine-bollaert-reprend-les-enfants-de-la-tele-a-la-place-de-laurence-boccolini","status":"publish","type":"post","link":"https:\/\/www.europesays.com\/fr\/216241\/","title":{"rendered":"France\u00a02\u00a0: Faustine Bollaert reprend \u00ab\u00a0Les Enfants de la t\u00e9l\u00e9\u00a0\u00bb \u00e0 la place de Laurence Boccolini"},"content":{"rendered":"<p class=\"paragraph text_align_left lp-f-body-02\">\u00c0 France T\u00e9l\u00e9visions, l\u2019intense mercato se termine par un ultime rebondissement. Dix jours apr\u00e8s avoir la nomination, \u00e0 l\u2019issue d\u2019un rocambolesque feuilleton, de <a href=\"https:\/\/www.leparisien.fr\/culture-loisirs\/tv\/lea-salame-prend-le-20-heures-de-france-2-et-quitte-la-matinale-de-france-inter-19-06-2025-EHS6ND3YDVHAPEOVGO2TGU5LI4.php\" target=\"_blank\" rel=\"noreferrer nofollow noopener\">L\u00e9a Salam\u00e9 \u00e0 la t\u00eate du 20 Heures en lieu et place d\u2019Anne-Sophie Lapix<\/a>, le jeu de chaises musicales touche \u00e0 sa fin. Ce week-end, \u00e0 la surprise g\u00e9n\u00e9rale, on a appris que <a href=\"https:\/\/www.leparisien.fr\/culture-loisirs\/tv\/questions-pour-un-champion-le-jeu-culte-de-france-3-arrete-sa-quotidienne-en-semaine-28-06-2025-5G4LB767F5CI5DQSVUTSHV4L4E.php\" target=\"_blank\" rel=\"noreferrer nofollow noopener\">\u00ab Questions pour un champion \u00bb de Samuel \u00c9tienne ne serait plus diffus\u00e9 que le week-end<\/a> et que <a href=\"https:\/\/www.leparisien.fr\/culture-loisirs\/tv\/coup-de-theatre-aux-enfants-de-la-tele-laurence-boccolini-evincee-de-lemission-de-france-2-29-06-2025-3EIFX4V6RFEDXIY6ITRN634MKE.php\" target=\"_blank\" rel=\"noreferrer nofollow noopener\">Laurence Boccolini \u00e9tait \u00e9vinc\u00e9e de \u00ab Enfants de la t\u00e9l\u00e9 \u00bb<\/a>.<\/p>\n<p class=\"paragraph text_align_left lp-f-body-02\">Selon nos informations, c\u2019est <a href=\"https:\/\/www.leparisien.fr\/culture-loisirs\/faustine-bollaert\/\" target=\"_blank\" rel=\"noreferrer nofollow noopener\">Faustine Bollaert<\/a> qui va reprendre \u00ab Les Enfants de la t\u00e9l\u00e9 \u00bb. Fabriqu\u00e9e \u00e0 base d\u2019archives t\u00e9l\u00e9, le talk-show produit par Endemol France et diffus\u00e9 tous les dimanches en access prime time se veut la m\u00e9moire vivante du petit \u00e9cran. Chaque semaine, de nombreuses personnalit\u00e9s cathodiques ou culturelles sont accueillies sur le plateau o\u00f9 elles sont mises face \u00e0 des images rares\u2026 ou des casseroles embarrassantes.<\/p>\n<p class=\"paragraph text_align_left lp-f-body-02\">La nomination de Faustine Bollaert est une surprise. Mais l\u2019animatrice de \u00ab \u00c7a commence aujourd\u2019hui \u00bb, la quotidienne de l\u2019apr\u00e8s-midi de France 2, est dans les petits papiers de la direction, qui appr\u00e9cie sa proximit\u00e9 avec les t\u00e9l\u00e9spectateurs et les anonymes qui se confient \u00e0 elle sur son plateau.<\/p>\n<p>Des grilles de rentr\u00e9e \u00e0 boucler cette semaine<\/p>\n<p class=\"paragraph text_align_left lp-f-body-02\">Pour la pr\u00e9sentatrice de 46 ans, la feuille de route est claire : moderniser l\u2019\u00e9mission cr\u00e9\u00e9e en 1994 par l\u2019animateur Arthur, alors visage du service public, et son acolyte Pierre Tchernia. Apr\u00e8s vingt ann\u00e9es sur TF1, \u00ab Les Enfants de la t\u00e9l\u00e9 \u00bb avaient \u00e9t\u00e9 relanc\u00e9s en 2017 sur France 2 par Laurent Ruquier, qui a pass\u00e9 le relais il y a deux saisons \u00e0 Laurence Boccolini.<\/p>\n<p class=\"paragraph text_align_left lp-f-body-02\">\u00c0 62 ans, cette derni\u00e8re qui a rejoint le groupe public en 2020, continuera de pr\u00e9senter \u00ab Mot de passe : le duel \u00bb, diffus\u00e9 chaque soir apr\u00e8s le journal de 20 heures de France 2. \u00c0 moins que d\u2019autres projets ne se pr\u00e9sentent \u00e0 elle dans les tout prochains jours\u2026<\/p>\n<p class=\"paragraph text_align_left lp-f-body-02\">Pour la direction de France T\u00e9l\u00e9visions, le temps presse. Delphine Ernotte et ses \u00e9quipes ont promis de boucler leurs grilles de rentr\u00e9e \u00e0 la fin de cette semaine. Mardi 8 juillet, les animateurs du service public et les journalistes qui suivent l\u2019actualit\u00e9 du petit \u00e9cran sont convi\u00e9s \u00e0 10h30 au si\u00e8ge de France T\u00e9l\u00e9visions pour la conf\u00e9rence de presse de rentr\u00e9e lors de laquelle seront d\u00e9taill\u00e9s les programmes \u00e0 l\u2019antenne \u00e0 partir de la fin ao\u00fbt. Le compte \u00e0 rebours est donc lanc\u00e9 pour r\u00e9aliser les tout derniers arbitrages. Contact\u00e9e, la direction de France T\u00e9l\u00e9visions n\u2019a pas donn\u00e9 suite \u00e0 nos appels.<\/p>\n","protected":false},"excerpt":{"rendered":"\u00c0 France T\u00e9l\u00e9visions, l\u2019intense mercato se termine par un ultime rebondissement. Dix jours apr\u00e8s avoir la nomination, \u00e0&hellip;\n","protected":false},"author":2,"featured_media":216242,"comment_status":"","ping_status":"","sticky":false,"template":"","format":"standard","meta":{"footnotes":""},"categories":[8],"tags":[872,58,59,1011,27,2205],"class_list":{"0":"post-216241","1":"post","2":"type-post","3":"status-publish","4":"format-standard","5":"has-post-thumbnail","7":"category-divertissement","8":"tag-culture-et-loisirs","9":"tag-divertissement","10":"tag-entertainment","11":"tag-fr","12":"tag-france","13":"tag-television-medias"},"share_on_mastodon":{"url":"https:\/\/pubeurope.com\/@fr\/114773605230381707","error":""},"_links":{"self":[{"href":"https:\/\/www.europesays.com\/fr\/wp-json\/wp\/v2\/posts\/216241","targetHints":{"allow":["GET"]}}],"collection":[{"href":"https:\/\/www.europesays.com\/fr\/wp-json\/wp\/v2\/posts"}],"about":[{"href":"https:\/\/www.europesays.com\/fr\/wp-json\/wp\/v2\/types\/post"}],"author":[{"embeddable":true,"href":"https:\/\/www.europesays.com\/fr\/wp-json\/wp\/v2\/users\/2"}],"replies":[{"embeddable":true,"href":"https:\/\/www.europesays.com\/fr\/wp-json\/wp\/v2\/comments?post=216241"}],"version-history":[{"count":0,"href":"https:\/\/www.europesays.com\/fr\/wp-json\/wp\/v2\/posts\/216241\/revisions"}],"wp:featuredmedia":[{"embeddable":true,"href":"https:\/\/www.europesays.com\/fr\/wp-json\/wp\/v2\/media\/216242"}],"wp:attachment":[{"href":"https:\/\/www.europesays.com\/fr\/wp-json\/wp\/v2\/media?parent=216241"}],"wp:term":[{"taxonomy":"category","embeddable":true,"href":"https:\/\/www.europesays.com\/fr\/wp-json\/wp\/v2\/categories?post=216241"},{"taxonomy":"post_tag","embeddable":true,"href":"https:\/\/www.europesays.com\/fr\/wp-json\/wp\/v2\/tags?post=216241"}],"curies":[{"name":"wp","href":"https:\/\/api.w.org\/{rel}","templated":true}]}}