{"id":216245,"date":"2025-06-30T17:57:15","date_gmt":"2025-06-30T17:57:15","guid":{"rendered":"https:\/\/www.europesays.com\/fr\/216245\/"},"modified":"2025-06-30T17:57:15","modified_gmt":"2025-06-30T17:57:15","slug":"un-airbus-air-france-paris-chicago-fait-demi-tour-au-dessus-de-locean-atlantique-apres-quatre-heures-de-vol","status":"publish","type":"post","link":"https:\/\/www.europesays.com\/fr\/216245\/","title":{"rendered":"Un Airbus Air France Paris-Chicago fait demi-tour au-dessus de l&rsquo;oc\u00e9an Atlantique apr\u00e8s quatre heures de vol"},"content":{"rendered":"<p>            Par<br \/>\n        <strong><br \/>\n            <a href=\"https:\/\/actu.fr\/auteur\/redaction-paris\" title=\"Consulter tous les articles de R\u00e9daction Paris\" target=\"_blank\" rel=\"noopener\">R\u00e9daction Paris<\/a><br \/>\n        <\/strong><\/p>\n<p>        Publi\u00e9 le<\/p>\n<p>            30 juin 2025 \u00e0 17h16        <\/p>\n<p>Que s\u2019est-il pass\u00e9 \u00e0 bord du vol d\u2019<a href=\"https:\/\/actu.fr\/tag\/air-france\" target=\"_blank\" rel=\"noopener\">Air France<\/a> AF136 qui reliait <a href=\"https:\/\/actu.fr\/tag\/aeroport-roissy-charles-de-gaulle\" target=\"_blank\" rel=\"noopener\">l\u2019a\u00e9roport de Roissy-Charles-de-Gaulle<\/a> \u00e0 celui de <strong>Chicago O\u2019Hare<\/strong>\u2009? Samedi 28\u00a0juin 2025, apr\u00e8s un d\u00e9collage sans probl\u00e8me, l\u2019avion a \u00e9t\u00e9 contraint de faire demi-tour alors qu\u2019il survolait l\u2019oc\u00e9an Atlantique, a r\u00e9v\u00e9l\u00e9 <a href=\"https:\/\/airlive.net\/tracking\/2025\/06\/29\/air-france-af136-bound-for-chicago-made-u-turn-over-atlantic-due-to-clearance-issues\/#google_vignette\" target=\"_blank\" rel=\"noopener\">airlive.net<\/a>.<\/p>\n<p>Demi-tour vers le point de d\u00e9part<\/p>\n<p class=\" wall-content\">D\u2019apr\u00e8s les informations de <a href=\"https:\/\/www.flightradar24.com\/\" target=\"_blank\" rel=\"noopener\">Flight Radar<\/a>, l\u2019airbus a d\u00e9coll\u00e9 peu apr\u00e8s 11\u00a0heures de Roissy-Charles-de-Gaulle avant d\u2019atteindre sa vitesse de croisi\u00e8re en survolant le Royaume-Uni. Aux alentours de 16h30, alors qu\u2019il se trouvait au-dessus de l\u2019oc\u00e9an Atlantique, <strong>entre l\u2019Islande et le Groenland<\/strong>, l\u2019\u00e9quipage a pris la d\u00e9cision d\u2019effectuer un demi-tour pour des raisons op\u00e9rationnelles.<\/p>\n<p class=\" wall-content\">L\u2019avion a donc pris la direction de l\u2019a\u00e9roport Roissy-Charles-de-Gaulle o\u00f9 il a atterri 6h30 apr\u00e8s y avoir d\u00e9coll\u00e9.\u00a0Selon un t\u00e9moignage recueilli par le site d\u2019information a\u00e9ronautique, le vol n\u2019aurait <strong>pas re\u00e7u l\u2019autorisation<\/strong> d\u2019atterrir \u00e0 Chicago.<\/p>\n<p class=\" wall-content\">Les passagers ont \u00e9t\u00e9 <strong>pris en charge<\/strong> par la compagnie a\u00e9rienne et ont pu embarquer \u00e0 bord d\u2019un autre vol.<\/p>\n<p class=\" wall-content\">Suivez toute l\u2019actualit\u00e9 de vos villes et m\u00e9dias favoris en vous inscrivant \u00e0 <a href=\"https:\/\/moncompte.actu.fr\" title=\"D\u00e9couvez Mon Actu\" rel=\"nofollow noopener\" data-trk=\"{&quot;cta&quot;:{&quot;action&quot;:&quot;https:\\\/\\\/moncompte.actu.fr&quot;,&quot;category&quot;:&quot;mon compte&quot;,&quot;from&quot;:&quot;article footer&quot;,&quot;name&quot;:&quot;Mon actu&quot;,&quot;type&quot;:&quot;cta&quot;}}\" target=\"_blank\">Mon Actu<\/a>.<\/p>\n<ul class=\"ac-article-tag wall-content\">\n<li><a href=\"https:\/\/actu.fr\/tag\/aeroport-roissy-charles-de-gaulle\" data-trk=\"{&quot;cta&quot;:{&quot;action&quot;:&quot;A\\u00e9roport Roissy-Charles de Gaulle&quot;,&quot;category&quot;:&quot;tag&quot;,&quot;from&quot;:&quot;article footer&quot;,&quot;name&quot;:&quot;A\\u00e9roport Roissy-Charles de Gaulle&quot;,&quot;type&quot;:&quot;cta&quot;}}\" target=\"_blank\" rel=\"noopener\">#A\u00e9roport Roissy-Charles de Gaulle<\/a><\/li>\n<li><a href=\"https:\/\/actu.fr\/tag\/air-france\" data-trk=\"{&quot;cta&quot;:{&quot;action&quot;:&quot;Air France&quot;,&quot;category&quot;:&quot;tag&quot;,&quot;from&quot;:&quot;article footer&quot;,&quot;name&quot;:&quot;Air France&quot;,&quot;type&quot;:&quot;cta&quot;}}\" target=\"_blank\" rel=\"noopener\">#Air France<\/a><\/li>\n<\/ul>\n","protected":false},"excerpt":{"rendered":"Par R\u00e9daction Paris Publi\u00e9 le 30 juin 2025 \u00e0 17h16 Que s\u2019est-il pass\u00e9 \u00e0 bord du vol d\u2019Air&hellip;\n","protected":false},"author":2,"featured_media":216246,"comment_status":"","ping_status":"","sticky":false,"template":"","format":"standard","meta":{"footnotes":""},"categories":[6],"tags":[10045,1816,35,33,34,1011,27,104],"class_list":{"0":"post-216245","1":"post","2":"type-post","3":"status-publish","4":"format-standard","5":"has-post-thumbnail","7":"category-economie","8":"tag-aeroport-roissy-charles-de-gaulle","9":"tag-air-france","10":"tag-business","11":"tag-economie","12":"tag-economy","13":"tag-fr","14":"tag-france","15":"tag-societe"},"share_on_mastodon":{"url":"https:\/\/pubeurope.com\/@fr\/114773612485572759","error":""},"_links":{"self":[{"href":"https:\/\/www.europesays.com\/fr\/wp-json\/wp\/v2\/posts\/216245","targetHints":{"allow":["GET"]}}],"collection":[{"href":"https:\/\/www.europesays.com\/fr\/wp-json\/wp\/v2\/posts"}],"about":[{"href":"https:\/\/www.europesays.com\/fr\/wp-json\/wp\/v2\/types\/post"}],"author":[{"embeddable":true,"href":"https:\/\/www.europesays.com\/fr\/wp-json\/wp\/v2\/users\/2"}],"replies":[{"embeddable":true,"href":"https:\/\/www.europesays.com\/fr\/wp-json\/wp\/v2\/comments?post=216245"}],"version-history":[{"count":0,"href":"https:\/\/www.europesays.com\/fr\/wp-json\/wp\/v2\/posts\/216245\/revisions"}],"wp:featuredmedia":[{"embeddable":true,"href":"https:\/\/www.europesays.com\/fr\/wp-json\/wp\/v2\/media\/216246"}],"wp:attachment":[{"href":"https:\/\/www.europesays.com\/fr\/wp-json\/wp\/v2\/media?parent=216245"}],"wp:term":[{"taxonomy":"category","embeddable":true,"href":"https:\/\/www.europesays.com\/fr\/wp-json\/wp\/v2\/categories?post=216245"},{"taxonomy":"post_tag","embeddable":true,"href":"https:\/\/www.europesays.com\/fr\/wp-json\/wp\/v2\/tags?post=216245"}],"curies":[{"name":"wp","href":"https:\/\/api.w.org\/{rel}","templated":true}]}}