{"id":216248,"date":"2025-06-30T17:59:08","date_gmt":"2025-06-30T17:59:08","guid":{"rendered":"https:\/\/www.europesays.com\/fr\/216248\/"},"modified":"2025-06-30T17:59:08","modified_gmt":"2025-06-30T17:59:08","slug":"a-versailles-un-climat-deletere-empoisonne-le-college-du-sacre-coeur","status":"publish","type":"post","link":"https:\/\/www.europesays.com\/fr\/216248\/","title":{"rendered":"\u00c0 Versailles, un \u00abclimat d\u00e9l\u00e9t\u00e8re\u00bb empoisonne le coll\u00e8ge du Sacr\u00e9-Coeur"},"content":{"rendered":"<p><strong>R\u00c9CIT <\/strong>&#8211; Une enqu\u00eate administrative a \u00e9t\u00e9 men\u00e9e par le rectorat \u00e0 la suite d\u2019accusations de \u00ab\u00a0manquements graves au contrat d\u2019association avec l\u2019\u00c9tat\u00a0\u00bb et de \u00ab\u00a0maltraitances inflig\u00e9es \u00e0 des personnels\u00a0\u00bb. Le directeur de l\u2019\u00e9tablissement conteste vivement.<\/p>\n<p class=\"fig-paragraph\">Une nouvelle affaire semblable\u00a0<a href=\"http:\/\/www.lefigaro.fr\/actualite-france\/pau-le-directeur-de-l-immaculee-conception-reintegre-dans-ses-fonctions-20241128\" data-fig-type=\"NewsFlash\" data-gtm-custom-categorie=\"navigation\" data-gtm-custom-action=\"crossclick\" data-gtm-custom-label=\"Contextuel\" data-gtm-event=\"customEventSPE\" data-fig-domain=\"LEFIGARO\" target=\"_blank\" rel=\"noopener\">\u00e0\u00a0celle de l\u2019\u00ab\u00a0Immac\u00a0\u00bb de Pau<\/a>, mais cette fois en r\u00e9gion parisienne\u00a0? Le coll\u00e8ge du Sacr\u00e9-C\u0153ur de Versailles (Yvelines) est sous le coup d\u2019une enqu\u00eate administrative du rectorat de Versailles apr\u00e8s des accusations, lanc\u00e9es par des enseignants, de \u00ab\u00a0manquements graves au contrat d\u2019association avec l\u2019\u00c9tat\u00a0\u00bb et de \u00ab\u00a0maltraitances inflig\u00e9es \u00e0 des personnels\u00a0\u00bb. Ce que le directeur de l\u2019\u00e9tablissement nie fermement, \u00e9voquant de son c\u00f4t\u00e9 des \u00ab\u00a0manquements professionnels tr\u00e8s graves de la part de certains professeurs\u00a0\u00bb.<\/p>\n<p class=\"fig-paragraph\">Dans\u00a0<a href=\"http:\/\/www.lefigaro.fr\/actualite-france\/l-enseignement-catholique-peut-il-encore-etre-vraiment-catholique-20241008\" data-fig-type=\"Article\" data-gtm-custom-categorie=\"navigation\" data-gtm-custom-action=\"crossclick\" data-gtm-custom-label=\"Contextuel\" data-gtm-event=\"customEventSPE\" data-fig-domain=\"LEFIGARO\" target=\"_blank\" rel=\"noopener\">cet \u00e9tablissement catholique<\/a>\u00a0\u00e0 l\u2019origine \u00ab\u00a0paisible\u00a0\u00bb, peu habitu\u00e9 \u00e0 faire parler de lui, la situation d\u00e9g\u00e9n\u00e8re depuis deux ans, au point d\u2019en arriver aujourd\u2019hui \u00e0 un \u00ab\u00a0climat d\u00e9l\u00e9t\u00e8re\u00a0\u00bb. En septembre 2022, Emmanuel Assailly prend la direction de l\u2019\u00e9tablissement situ\u00e9 \u00e0 proximit\u00e9 du ch\u00e2teau de Versailles, qui accueille pr\u00e8s de 1000 \u00e9l\u00e8ves. Ancien professeur d\u2019histoire-g\u00e9ographie, il a dirig\u00e9 le coll\u00e8ge Saint-Jean-de-Passy\u2026<\/p>\n<p class=\"fig-premium-paywall__infos\">\n        Cet article est r\u00e9serv\u00e9 aux abonn\u00e9s.        Il vous reste 91% \u00e0 d\u00e9couvrir.\n    <\/p>\n<p>                <img  data- alt=\"Le Figaro\" class=\"fig-img--complete fig-img\"\/><\/p>\n<p class=\"fig-premium-paywall__title\">Vente Flash : dernier jour<\/p>\n<p class=\"fig-premium-paywall__subtitle\">3,99\u20ac par mois pendant 12 mois. Sans engagement.<\/p>\n<p class=\"fig-premium-paywall__connect\">\n                D\u00e9j\u00e0 abonn\u00e9\u00a0?                <a class=\"fig-premium-paywall__connect-link\" href=\"https:\/\/connect.lefigaro.fr\/login?client=horizon_web&amp;type=main&amp;redirect_uri=https%3A%2F%2Fwww.lefigaro.fr%2Factualite-france%2Fa-versailles-un-climat-deletere-empoisonne-le-college-du-sacre-coeur-20250630\" data-js-gtm=\"{&quot;customCategorie&quot;: &quot;conversion&quot;, &quot;customAction&quot;: &quot;before_Landing_Connexion_paywall_auto&quot;, &quot;customLabel&quot;: &quot;bGVmaWdhcm8uZnJfXzFmMDUyNzJjLTZmZDMtNmFmZS04ZjE2LWM1MGVmYjBkNWExY19fTmV3c0ZsYXNo_\u00c0 Versailles, un \u00abclimat d\u00e9l\u00e9t\u00e8re\u00bb empoisonne le coll\u00e8ge du Sacr\u00e9-Coeur_428&quot;, &quot;customIDSPE&quot;: &quot;bGVmaWdhcm8uZnJfXzFmMDUyNzJjLTZmZDMtNmFmZS04ZjE2LWM1MGVmYjBkNWExY19fTmV3c0ZsYXNo&quot;, &quot;event&quot;: &quot;customEventSPE&quot;}\" target=\"_blank\" rel=\"noopener\"><br \/>\n                    Connectez-vous<br \/>\n                <\/a>\n            <\/p>\n","protected":false},"excerpt":{"rendered":"R\u00c9CIT &#8211; Une enqu\u00eate administrative a \u00e9t\u00e9 men\u00e9e par le rectorat \u00e0 la suite d\u2019accusations de \u00ab\u00a0manquements graves&hellip;\n","protected":false},"author":2,"featured_media":216249,"comment_status":"","ping_status":"","sticky":false,"template":"","format":"standard","meta":{"footnotes":""},"categories":[4],"tags":[47,1058,1054,1059,1060,1055,11,1057,118,1011,27,1061,303,12,1062,25,656,104,1056,20423,809],"class_list":{"0":"post-216248","1":"post","2":"type-post","3":"status-publish","4":"format-standard","5":"has-post-thumbnail","7":"category-france","8":"tag-actualite","9":"tag-actualite-education","10":"tag-actualite-france","11":"tag-actualite-justice","12":"tag-actualite-securite","13":"tag-actualite-societe","14":"tag-actualites","15":"tag-education","16":"tag-faits-divers","17":"tag-fr","18":"tag-france","19":"tag-immigration","20":"tag-justice","21":"tag-news","22":"tag-polemique","23":"tag-republique-francaise","24":"tag-securite","25":"tag-societe","26":"tag-societe-francaise","27":"tag-versailles","28":"tag-violence"},"share_on_mastodon":{"url":"https:\/\/pubeurope.com\/@fr\/114773620520044526","error":""},"_links":{"self":[{"href":"https:\/\/www.europesays.com\/fr\/wp-json\/wp\/v2\/posts\/216248","targetHints":{"allow":["GET"]}}],"collection":[{"href":"https:\/\/www.europesays.com\/fr\/wp-json\/wp\/v2\/posts"}],"about":[{"href":"https:\/\/www.europesays.com\/fr\/wp-json\/wp\/v2\/types\/post"}],"author":[{"embeddable":true,"href":"https:\/\/www.europesays.com\/fr\/wp-json\/wp\/v2\/users\/2"}],"replies":[{"embeddable":true,"href":"https:\/\/www.europesays.com\/fr\/wp-json\/wp\/v2\/comments?post=216248"}],"version-history":[{"count":0,"href":"https:\/\/www.europesays.com\/fr\/wp-json\/wp\/v2\/posts\/216248\/revisions"}],"wp:featuredmedia":[{"embeddable":true,"href":"https:\/\/www.europesays.com\/fr\/wp-json\/wp\/v2\/media\/216249"}],"wp:attachment":[{"href":"https:\/\/www.europesays.com\/fr\/wp-json\/wp\/v2\/media?parent=216248"}],"wp:term":[{"taxonomy":"category","embeddable":true,"href":"https:\/\/www.europesays.com\/fr\/wp-json\/wp\/v2\/categories?post=216248"},{"taxonomy":"post_tag","embeddable":true,"href":"https:\/\/www.europesays.com\/fr\/wp-json\/wp\/v2\/tags?post=216248"}],"curies":[{"name":"wp","href":"https:\/\/api.w.org\/{rel}","templated":true}]}}