{"id":216252,"date":"2025-06-30T18:01:31","date_gmt":"2025-06-30T18:01:31","guid":{"rendered":"https:\/\/www.europesays.com\/fr\/216252\/"},"modified":"2025-06-30T18:01:31","modified_gmt":"2025-06-30T18:01:31","slug":"saint-etienne-metropole-je-reviendrai-car-je-pars-en-laissant-ici-de-vrais-amis","status":"publish","type":"post","link":"https:\/\/www.europesays.com\/fr\/216252\/","title":{"rendered":"Saint-\u00c9tienne M\u00e9tropole. \u00ab\u00a0Je reviendrai car je pars en laissant ici de vrais amis\u00a0\u00bb"},"content":{"rendered":"<p>Le chef d\u2019escadron Martin Perraudeau est arriv\u00e9 \u00e0 la t\u00eate de la compagnie de Saint-\u00c9tienne le 1er \u00a0ao\u00fbt 2022 en provenance de la R\u00e9union. Pr\u00e8s de trois ans plus tard, il est d\u00e9j\u00e0 temps pour le grad\u00e9 de plier bagage et de prendre de nouvelles responsabilit\u00e9s au Coll\u00e8ge royal de l\u2019enseignement militaire sup\u00e9rieur marocain.<\/p>\n<p>S\u00e9curisation de la gare de Ch\u00e2teaucreux pendant les JO<\/p>\n<p>Une destination qui ne manque pas de r\u00e9jouir le militaire puisqu\u2019il s\u2019agit d\u2019une cr\u00e9ation de poste et que \u00ab\u00a0tout est \u00e0 mettre en place\u00a0\u00bb comme il l\u2019explique lui-m\u00eame. Mais avant de prendre la direction du Maghreb, l\u2019ex-commandant de la compagnie de Saint-\u00c9tienne dresse le bilan de&#8230;<\/p>\n","protected":false},"excerpt":{"rendered":"Le chef d\u2019escadron Martin Perraudeau est arriv\u00e9 \u00e0 la t\u00eate de la compagnie de Saint-\u00c9tienne le 1er \u00a0ao\u00fbt&hellip;\n","protected":false},"author":2,"featured_media":216253,"comment_status":"","ping_status":"","sticky":false,"template":"","format":"standard","meta":{"footnotes":""},"categories":[9653],"tags":[1111,11,2430,3206,7539,1777,674,274,1011,27,12,25,4001,7538,104],"class_list":{"0":"post-216252","1":"post","2":"type-post","3":"status-publish","4":"format-standard","5":"has-post-thumbnail","7":"category-saint-etienne","8":"tag-actu","9":"tag-actualites","10":"tag-auvergne-rhone-alpes","11":"tag-defense-guerre-conflit","12":"tag-edition-loire-sud","13":"tag-eu","14":"tag-europe","15":"tag-faits-divers-justice","16":"tag-fr","17":"tag-france","18":"tag-news","19":"tag-republique-francaise","20":"tag-saint-etienne","21":"tag-saint-etienne-ville","22":"tag-societe"},"share_on_mastodon":{"url":"https:\/\/pubeurope.com\/@fr\/114773628298024951","error":""},"_links":{"self":[{"href":"https:\/\/www.europesays.com\/fr\/wp-json\/wp\/v2\/posts\/216252","targetHints":{"allow":["GET"]}}],"collection":[{"href":"https:\/\/www.europesays.com\/fr\/wp-json\/wp\/v2\/posts"}],"about":[{"href":"https:\/\/www.europesays.com\/fr\/wp-json\/wp\/v2\/types\/post"}],"author":[{"embeddable":true,"href":"https:\/\/www.europesays.com\/fr\/wp-json\/wp\/v2\/users\/2"}],"replies":[{"embeddable":true,"href":"https:\/\/www.europesays.com\/fr\/wp-json\/wp\/v2\/comments?post=216252"}],"version-history":[{"count":0,"href":"https:\/\/www.europesays.com\/fr\/wp-json\/wp\/v2\/posts\/216252\/revisions"}],"wp:featuredmedia":[{"embeddable":true,"href":"https:\/\/www.europesays.com\/fr\/wp-json\/wp\/v2\/media\/216253"}],"wp:attachment":[{"href":"https:\/\/www.europesays.com\/fr\/wp-json\/wp\/v2\/media?parent=216252"}],"wp:term":[{"taxonomy":"category","embeddable":true,"href":"https:\/\/www.europesays.com\/fr\/wp-json\/wp\/v2\/categories?post=216252"},{"taxonomy":"post_tag","embeddable":true,"href":"https:\/\/www.europesays.com\/fr\/wp-json\/wp\/v2\/tags?post=216252"}],"curies":[{"name":"wp","href":"https:\/\/api.w.org\/{rel}","templated":true}]}}