{"id":216258,"date":"2025-06-30T18:04:17","date_gmt":"2025-06-30T18:04:17","guid":{"rendered":"https:\/\/www.europesays.com\/fr\/216258\/"},"modified":"2025-06-30T18:04:17","modified_gmt":"2025-06-30T18:04:17","slug":"visite-patrimoine-industriel-de-la-manufacture-au-canal","status":"publish","type":"post","link":"https:\/\/www.europesays.com\/fr\/216258\/","title":{"rendered":"Visite patrimoine industriel De la Manufacture au canal"},"content":{"rendered":"<p>Destination Nancy propose une visite pour d\u00e9couvrir l\u2019histoire de la ville \u00e0 partir de la deuxi\u00e8me moiti\u00e9 du XIXe \u00a0si\u00e8cle, de la Manufacture aux rives du canal. Le parcours commence \u00e0 l\u2019ancienne Manufacture de tabac enti\u00e8rement r\u00e9habilit\u00e9e en espace culturel et se termine sur une passerelle qui enjambe le canal, espace autrefois industriel incontournable. Les demeures Art nouveau qui jalonnent le parcours rappellent les liens \u00e9troits entre ce mouvement artistique et l\u2019industrialisation.<\/p>\n<p class=\"note\">Jeudi 3\u00a0juillet, \u00e0 15\u00a0h, au th\u00e9\u00e2tre de la Manufacture, 10, rue Baron-Louis, \u00e0 Nancy. Tarif, 10\u00a0\u20ac. R\u00e9servations 03\u00a083\u00a035\u00a080\u00a010.<\/p>\n","protected":false},"excerpt":{"rendered":"Destination Nancy propose une visite pour d\u00e9couvrir l\u2019histoire de la ville \u00e0 partir de la deuxi\u00e8me moiti\u00e9 du&hellip;\n","protected":false},"author":2,"featured_media":216259,"comment_status":"","ping_status":"","sticky":false,"template":"","format":"standard","meta":{"footnotes":""},"categories":[9635],"tags":[1111,11,1687,1704,1777,674,1011,27,775,1702,1703,12,2661,25],"class_list":{"0":"post-216258","1":"post","2":"type-post","3":"status-publish","4":"format-standard","5":"has-post-thumbnail","7":"category-nancy","8":"tag-actu","9":"tag-actualites","10":"tag-culture-loisirs","11":"tag-edition-nancy-et-agglomeration","12":"tag-eu","13":"tag-europe","14":"tag-fr","15":"tag-france","16":"tag-grand-est","17":"tag-nancy","18":"tag-nancy-ville-54b","19":"tag-news","20":"tag-patrimoine-culturel","21":"tag-republique-francaise"},"share_on_mastodon":{"url":"https:\/\/pubeurope.com\/@fr\/114773640191620655","error":""},"_links":{"self":[{"href":"https:\/\/www.europesays.com\/fr\/wp-json\/wp\/v2\/posts\/216258","targetHints":{"allow":["GET"]}}],"collection":[{"href":"https:\/\/www.europesays.com\/fr\/wp-json\/wp\/v2\/posts"}],"about":[{"href":"https:\/\/www.europesays.com\/fr\/wp-json\/wp\/v2\/types\/post"}],"author":[{"embeddable":true,"href":"https:\/\/www.europesays.com\/fr\/wp-json\/wp\/v2\/users\/2"}],"replies":[{"embeddable":true,"href":"https:\/\/www.europesays.com\/fr\/wp-json\/wp\/v2\/comments?post=216258"}],"version-history":[{"count":0,"href":"https:\/\/www.europesays.com\/fr\/wp-json\/wp\/v2\/posts\/216258\/revisions"}],"wp:featuredmedia":[{"embeddable":true,"href":"https:\/\/www.europesays.com\/fr\/wp-json\/wp\/v2\/media\/216259"}],"wp:attachment":[{"href":"https:\/\/www.europesays.com\/fr\/wp-json\/wp\/v2\/media?parent=216258"}],"wp:term":[{"taxonomy":"category","embeddable":true,"href":"https:\/\/www.europesays.com\/fr\/wp-json\/wp\/v2\/categories?post=216258"},{"taxonomy":"post_tag","embeddable":true,"href":"https:\/\/www.europesays.com\/fr\/wp-json\/wp\/v2\/tags?post=216258"}],"curies":[{"name":"wp","href":"https:\/\/api.w.org\/{rel}","templated":true}]}}