{"id":216260,"date":"2025-06-30T18:05:10","date_gmt":"2025-06-30T18:05:10","guid":{"rendered":"https:\/\/www.europesays.com\/fr\/216260\/"},"modified":"2025-06-30T18:05:10","modified_gmt":"2025-06-30T18:05:10","slug":"bonne-nouvelle-laide-municipale-a-la-formation-pour-les-etudiants-de-la-commune-revalorisee-a-six-fours","status":"publish","type":"post","link":"https:\/\/www.europesays.com\/fr\/216260\/","title":{"rendered":"Bonne nouvelle, l&rsquo;aide municipale \u00e0 la formation pour les \u00e9tudiants de la commune revaloris\u00e9e \u00e0 Six-Fours"},"content":{"rendered":"<p>Pour <strong>la remise d\u2019une bourse d\u2019aide \u00e0 la formation,<\/strong> <strong>le maire Jean-S\u00e9bastien Vialatte<\/strong> et nombre de ses adjoints ont re\u00e7u pr\u00e8s de deux cents \u00e9tudiants et leurs proches, jeudi, dans les jardins de la Maison du Cygne.<\/p>\n<p><strong>Ce coup de pouce financier se voit cette ann\u00e9e revaloriser, passant de 240\u20ac \u00e0 300\u20ac.<\/strong> \u00ab\u00a0Une bonne surprise pour tout le monde, surtout pour ceux qui la toucheront deux fois\u00a0\u00bb, pr\u00e9cisait l\u2019\u00e9dile avant la distribution des ch\u00e8ques.\u00a0\u00ab\u00a0Cette bourse d\u2019aide \u00e0 la formation s\u2019adresse \u00e0 tous les 18-25 ans poursuivant leurs \u00e9tudes au-del\u00e0 du bac, mais \u00e9galement \u00e0 celles et ceux qui entreprennent une formation dipl\u00f4mante ou qualifiante, un cursus technique ou technologique (CAP, BEP, Bac Pro, BE ou DE)\u00a0\u00bb, ajoute le maire.<\/p>\n<p>Dossier pour l\u2019ann\u00e9e prochaine d\u00e9j\u00e0 \u00e0 retirer <\/p>\n<p>Une deuxi\u00e8me bourse peut \u00eatre accord\u00e9e selon la dur\u00e9e de ses \u00e9tudes. Pour l\u2019ann\u00e9e scolaire 2024-2025, <strong>174 jeunes \u00e9tudiants ont b\u00e9n\u00e9fici\u00e9 de ce coup de pouce.<\/strong> Pour recevoir cette aide financi\u00e8re, il faut r\u00e9sider sur la commune depuis plus d\u2019un an. Pour l\u2019ann\u00e9e scolaire 2025-2026, les dossiers de demande peuvent d\u2019ores et d\u00e9j\u00e0 \u00eatre retir\u00e9s aupr\u00e8s de la Maison des familles, au 135 rue Cauqui\u00e8re. Ceux-ci devront \u00eatre retourn\u00e9s complets avant le 30 avril 2026.<\/p>\n<p>La Ville accorde \u00e9galement des aides financi\u00e8res permettant de financer une partie de son permis de conduire, voiture ou deux-roues. Les renseignements et conditions d\u2019attribution s\u2019obtiennent l\u00e0 aussi aupr\u00e8s de la Maison des familles.<\/p>\n","protected":false},"excerpt":{"rendered":"Pour la remise d\u2019une bourse d\u2019aide \u00e0 la formation, le maire Jean-S\u00e9bastien Vialatte et nombre de ses adjoints&hellip;\n","protected":false},"author":2,"featured_media":216261,"comment_status":"","ping_status":"","sticky":false,"template":"","format":"standard","meta":{"footnotes":""},"categories":[9619],"tags":[1111,11,1057,1777,674,332,1011,27,12,882,25,2310],"class_list":{"0":"post-216260","1":"post","2":"type-post","3":"status-publish","4":"format-standard","5":"has-post-thumbnail","7":"category-toulon","8":"tag-actu","9":"tag-actualites","10":"tag-education","11":"tag-eu","12":"tag-europe","13":"tag-faits-de-societe","14":"tag-fr","15":"tag-france","16":"tag-news","17":"tag-provence-alpes-cote-dazur","18":"tag-republique-francaise","19":"tag-toulon"},"share_on_mastodon":{"url":"","error":""},"_links":{"self":[{"href":"https:\/\/www.europesays.com\/fr\/wp-json\/wp\/v2\/posts\/216260","targetHints":{"allow":["GET"]}}],"collection":[{"href":"https:\/\/www.europesays.com\/fr\/wp-json\/wp\/v2\/posts"}],"about":[{"href":"https:\/\/www.europesays.com\/fr\/wp-json\/wp\/v2\/types\/post"}],"author":[{"embeddable":true,"href":"https:\/\/www.europesays.com\/fr\/wp-json\/wp\/v2\/users\/2"}],"replies":[{"embeddable":true,"href":"https:\/\/www.europesays.com\/fr\/wp-json\/wp\/v2\/comments?post=216260"}],"version-history":[{"count":0,"href":"https:\/\/www.europesays.com\/fr\/wp-json\/wp\/v2\/posts\/216260\/revisions"}],"wp:featuredmedia":[{"embeddable":true,"href":"https:\/\/www.europesays.com\/fr\/wp-json\/wp\/v2\/media\/216261"}],"wp:attachment":[{"href":"https:\/\/www.europesays.com\/fr\/wp-json\/wp\/v2\/media?parent=216260"}],"wp:term":[{"taxonomy":"category","embeddable":true,"href":"https:\/\/www.europesays.com\/fr\/wp-json\/wp\/v2\/categories?post=216260"},{"taxonomy":"post_tag","embeddable":true,"href":"https:\/\/www.europesays.com\/fr\/wp-json\/wp\/v2\/tags?post=216260"}],"curies":[{"name":"wp","href":"https:\/\/api.w.org\/{rel}","templated":true}]}}