{"id":216262,"date":"2025-06-30T18:06:20","date_gmt":"2025-06-30T18:06:20","guid":{"rendered":"https:\/\/www.europesays.com\/fr\/216262\/"},"modified":"2025-06-30T18:06:20","modified_gmt":"2025-06-30T18:06:20","slug":"a50-a57-fermeture-tunnel-toulon-mercredi-3","status":"publish","type":"post","link":"https:\/\/www.europesays.com\/fr\/216262\/","title":{"rendered":"A50-A57 Fermeture tunnel Toulon mercredi"},"content":{"rendered":"<ol class=\"breadcrumb\" itemscope=\"\" itemtype=\"https:\/\/schema.org\/BreadcrumbList\">\n<li itemprop=\"itemListElement\" itemscope=\"\" itemtype=\"https:\/\/schema.org\/ListItem\">\n                    <a itemprop=\"item\" href=\"https:\/\/radio.vinci-autoroutes.com\/\" target=\"_blank\" rel=\"noopener\"><br \/>\n                        Accueil<br \/>\n                    <\/a><\/p>\n<\/li>\n<li itemprop=\"itemListElement\" itemscope=\"\" itemtype=\"https:\/\/schema.org\/ListItem\">\n                        <a itemprop=\"item\" href=\"https:\/\/radio.vinci-autoroutes.com\/rubrique\/infotrafic\" target=\"_blank\" rel=\"noopener\"><br \/>\n                            Actu trafic<br \/>\n                        <\/a><\/p>\n<\/li>\n<li itemprop=\"itemListElement\" itemscope=\"\" itemtype=\"https:\/\/schema.org\/ListItem\">\n                        <a itemprop=\"item\" href=\"https:\/\/radio.vinci-autoroutes.com\/rubrique\/travaux\" target=\"_blank\" rel=\"noopener\"><br \/>\n                            Travaux<br \/>\n                        <\/a><\/p>\n<\/li>\n<\/ol>\n<p class=\"article-chapeau\" itemprop=\"description\">Dans le Var, dans la nuit du mercredi 02 au jeudi 03 juillet, \u00e0 partir de 21h et au plus tard jusqu\u2019\u00e0 06h du matin, sur l&rsquo;A50, le tunnel de Toulon est ferm\u00e9 en direction de Nice. Dans le prolongement l&rsquo;autoroute A57 est ferm\u00e9e entre La Valette Sud N\u00b04 et la bifurcation avec l&rsquo;autoroute A570.<br \/>&#13;<br \/>\nEn direction de Marseille, l\u2019autoroute est ferm\u00e9e entre La Valette-Centre N\u00b03 sur l&rsquo;A57 et Toulon-Le Port N\u00b016 sur l&rsquo;A50, ce qui inclut le tunnel. <br \/>&#13;\n<\/p>\n<p class=\"article-author\">Auteur : Rapha\u00ebl Val\u00e9<\/p>\n<p class=\"article-modification\">Derni\u00e8re modification : 30\/06\/2025 15:27<\/p>\n<p>                <img decoding=\"async\" src=\"https:\/\/www.europesays.com\/fr\/wp-content\/uploads\/2025\/04\/M-nuit-generique-balisage-W-DANIELS.jpg\" alt=\"A50-A57 Fermeture tunnel Toulon mercredi\"\/><\/p>\n<p>                                                    0:32\n                                            <\/p>\n<p class=\"legende\">Balisage en action sur la chauss\u00e9e de nuit<\/p>\n<p>                            \u00a9 VINCI Autoroutes &#8211; W DANIELS                        <\/p>\n<p>\n        Ces fermetures pour permettre des travaux de finition dans le cadre de l&rsquo;\u00e9largissement de l&rsquo;A57.     <\/p>\n<p>            Pour approfondir le sujet<\/p>\n<p>        Partager cet article<\/p>\n","protected":false},"excerpt":{"rendered":"Accueil Actu trafic Travaux Dans le Var, dans la nuit du mercredi 02 au jeudi 03 juillet, \u00e0&hellip;\n","protected":false},"author":2,"featured_media":27775,"comment_status":"","ping_status":"","sticky":false,"template":"","format":"standard","meta":{"footnotes":""},"categories":[9619],"tags":[34001,1111,11,1777,674,13407,1011,27,9272,2868,6774,12,293,5537,378,882,25,2310,17374],"class_list":{"0":"post-216262","1":"post","2":"type-post","3":"status-publish","4":"format-standard","5":"has-post-thumbnail","7":"category-toulon","8":"tag-a50-a57","9":"tag-actu","10":"tag-actualites","11":"tag-eu","12":"tag-europe","13":"tag-fermeture","14":"tag-fr","15":"tag-france","16":"tag-jeudi","17":"tag-juillet","18":"tag-mercredi","19":"tag-news","20":"tag-nuit","21":"tag-partir","22":"tag-plus","23":"tag-provence-alpes-cote-dazur","24":"tag-republique-francaise","25":"tag-toulon","26":"tag-tunnel"},"share_on_mastodon":{"url":"https:\/\/pubeurope.com\/@fr\/114773648002186562","error":""},"_links":{"self":[{"href":"https:\/\/www.europesays.com\/fr\/wp-json\/wp\/v2\/posts\/216262","targetHints":{"allow":["GET"]}}],"collection":[{"href":"https:\/\/www.europesays.com\/fr\/wp-json\/wp\/v2\/posts"}],"about":[{"href":"https:\/\/www.europesays.com\/fr\/wp-json\/wp\/v2\/types\/post"}],"author":[{"embeddable":true,"href":"https:\/\/www.europesays.com\/fr\/wp-json\/wp\/v2\/users\/2"}],"replies":[{"embeddable":true,"href":"https:\/\/www.europesays.com\/fr\/wp-json\/wp\/v2\/comments?post=216262"}],"version-history":[{"count":0,"href":"https:\/\/www.europesays.com\/fr\/wp-json\/wp\/v2\/posts\/216262\/revisions"}],"wp:featuredmedia":[{"embeddable":true,"href":"https:\/\/www.europesays.com\/fr\/wp-json\/wp\/v2\/media\/27775"}],"wp:attachment":[{"href":"https:\/\/www.europesays.com\/fr\/wp-json\/wp\/v2\/media?parent=216262"}],"wp:term":[{"taxonomy":"category","embeddable":true,"href":"https:\/\/www.europesays.com\/fr\/wp-json\/wp\/v2\/categories?post=216262"},{"taxonomy":"post_tag","embeddable":true,"href":"https:\/\/www.europesays.com\/fr\/wp-json\/wp\/v2\/tags?post=216262"}],"curies":[{"name":"wp","href":"https:\/\/api.w.org\/{rel}","templated":true}]}}