{"id":216263,"date":"2025-06-30T18:07:08","date_gmt":"2025-06-30T18:07:08","guid":{"rendered":"https:\/\/www.europesays.com\/fr\/216263\/"},"modified":"2025-06-30T18:07:08","modified_gmt":"2025-06-30T18:07:08","slug":"2-000-beignets-saisis-et-detruits-dans-un-atelier-de-fabrication-insalubre-a-celleneuve","status":"publish","type":"post","link":"https:\/\/www.europesays.com\/fr\/216263\/","title":{"rendered":"2 000 beignets saisis et d\u00e9truits dans un atelier de fabrication insalubre \u00e0 Celleneuve"},"content":{"rendered":"<p>            Par<br \/>\n        <strong><br \/>\n            <a href=\"https:\/\/actu.fr\/auteur\/jm-aubert\" title=\"Consulter tous les articles de Jean-Marc Aubert\" rel=\"nofollow noopener\" target=\"_blank\">Jean-Marc Aubert<\/a><br \/>\n        <\/strong><\/p>\n<p>        Publi\u00e9 le<\/p>\n<p>            30 juin 2025 \u00e0 19h24        <\/p>\n<p>Un contr\u00f4le renforc\u00e9 des <strong>services de police<\/strong>\u00a0-nationale et municipale-, ce dernier week-end du mois de juin 2025, dans un atelier de fabrication, \u00e0<strong> Montpellier,<\/strong> a conduit \u00e0 la saisie et \u00e0 la destruction de <strong>2 000 beignets.<\/strong><\/p>\n<p class=\" wall-content\">Les policiers agissant dans les domaines de l\u2019hygi\u00e8ne et du sanitaire, un volet sur les conditions de fabrication et de vente de produits \u00e0 la client\u00e8le ont d\u00e9barqu\u00e9 dans cet atelier de beignets \u00ab\u00a0fait maison\u00a0\u00bb, dans la rue des Gr\u00e8zes, en limite des quartiers de Celleneuve et de la Martelle.\u00a0<\/p>\n<p>    <a href=\"https:\/\/www.google.com\/maps\/embed?pb=!1m18!1m12!1m3!1d8583.158541387571!2d3.823693531160989!3d43.602163394267826!2m3!1f0!2f0!3f0!3m2!1i1024!2i768!4f13.1!3m3!1m2!1s0x12b6ae78066e0485%3A0xd46814b2ae4770e9!2sRue%20des%20Gr%C3%A8zes%2C%2034070%20Montpellier!5e0!3m2!1sfr!2sfr!4v1751304063488!5m2!1sfr!2sfr\" title=\"Ouvrie le lien\" rel=\"nofollow noopener\" target=\"_blank\">Cliquez ici pour visualiser le contenu<\/a><\/p>\n<p class=\" wall-content\">Du \u00ab\u00a0fait maison\u00a0\u00bb r\u00e9alis\u00e9 dans des locaux insalubres, avec de l\u2019eau non potable et avec un stockage inadapt\u00e9, selon la police municipale de Montpellier qui r\u00e9v\u00e8le l\u2019information ce lundi 30 juin 2025, et qui \u00e9tait associ\u00e9e \u00e0 une unit\u00e9 de la DIPN 34.<\/p>\n<p class=\" wall-content\">Outre le lot des 2 000 beignets impropres \u00e0 la consommation saisis et d\u00e9truits, les policiers ont relev\u00e9 d\u2019autres infractions, dont un local inhabitable identifi\u00e9 avec une proc\u00e9dure en cours. Par ailleurs, un arr\u00eat\u00e9 de fermeture est \u00e0 venir, selon la Ville de Montpellier.<\/p>\n<p>Vid\u00e9os : en ce moment sur Actu<\/p>\n<p class=\" wall-content\">Durant tout l\u2019\u00e9t\u00e9, les services de police, de gendarmerie, d\u2019hygi\u00e8ne et de s\u00e9curit\u00e9 alimentaire vont multiplier les contr\u00f4les sur les conditions de conservation d\u2019aliments dans l\u2019H\u00e9rault pour \u00e9viter des contaminations et des intoxications.<\/p>\n<p class=\" wall-content\">Suivez toute l\u2019actualit\u00e9 de vos villes et m\u00e9dias favoris en vous inscrivant \u00e0 <a href=\"https:\/\/moncompte.actu.fr\" title=\"D\u00e9couvez Mon Actu\" rel=\"nofollow noopener\" data-trk=\"{&quot;cta&quot;:{&quot;action&quot;:&quot;https:\\\/\\\/moncompte.actu.fr&quot;,&quot;category&quot;:&quot;mon compte&quot;,&quot;from&quot;:&quot;article footer&quot;,&quot;name&quot;:&quot;Mon actu&quot;,&quot;type&quot;:&quot;cta&quot;}}\" target=\"_blank\">Mon Actu<\/a>.<\/p>\n","protected":false},"excerpt":{"rendered":"Par Jean-Marc Aubert Publi\u00e9 le 30 juin 2025 \u00e0 19h24 Un contr\u00f4le renforc\u00e9 des services de police\u00a0-nationale et&hellip;\n","protected":false},"author":2,"featured_media":216264,"comment_status":"","ping_status":"","sticky":false,"template":"","format":"standard","meta":{"footnotes":""},"categories":[9599],"tags":[1111,11,215,1777,674,118,1011,27,2208,12,2680,1072,25],"class_list":{"0":"post-216263","1":"post","2":"type-post","3":"status-publish","4":"format-standard","5":"has-post-thumbnail","7":"category-montpellier","8":"tag-actu","9":"tag-actualites","10":"tag-commerce","11":"tag-eu","12":"tag-europe","13":"tag-faits-divers","14":"tag-fr","15":"tag-france","16":"tag-montpellier","17":"tag-news","18":"tag-occitanie","19":"tag-police","20":"tag-republique-francaise"},"share_on_mastodon":{"url":"https:\/\/pubeurope.com\/@fr\/114773651870246317","error":""},"_links":{"self":[{"href":"https:\/\/www.europesays.com\/fr\/wp-json\/wp\/v2\/posts\/216263","targetHints":{"allow":["GET"]}}],"collection":[{"href":"https:\/\/www.europesays.com\/fr\/wp-json\/wp\/v2\/posts"}],"about":[{"href":"https:\/\/www.europesays.com\/fr\/wp-json\/wp\/v2\/types\/post"}],"author":[{"embeddable":true,"href":"https:\/\/www.europesays.com\/fr\/wp-json\/wp\/v2\/users\/2"}],"replies":[{"embeddable":true,"href":"https:\/\/www.europesays.com\/fr\/wp-json\/wp\/v2\/comments?post=216263"}],"version-history":[{"count":0,"href":"https:\/\/www.europesays.com\/fr\/wp-json\/wp\/v2\/posts\/216263\/revisions"}],"wp:featuredmedia":[{"embeddable":true,"href":"https:\/\/www.europesays.com\/fr\/wp-json\/wp\/v2\/media\/216264"}],"wp:attachment":[{"href":"https:\/\/www.europesays.com\/fr\/wp-json\/wp\/v2\/media?parent=216263"}],"wp:term":[{"taxonomy":"category","embeddable":true,"href":"https:\/\/www.europesays.com\/fr\/wp-json\/wp\/v2\/categories?post=216263"},{"taxonomy":"post_tag","embeddable":true,"href":"https:\/\/www.europesays.com\/fr\/wp-json\/wp\/v2\/tags?post=216263"}],"curies":[{"name":"wp","href":"https:\/\/api.w.org\/{rel}","templated":true}]}}