{"id":216277,"date":"2025-06-30T18:14:16","date_gmt":"2025-06-30T18:14:16","guid":{"rendered":"https:\/\/www.europesays.com\/fr\/216277\/"},"modified":"2025-06-30T18:14:16","modified_gmt":"2025-06-30T18:14:16","slug":"exporama-et-la-collection-pinault-claire-tabouret-au-musee-des-beaux-arts-les-expositions-a-ne-pas-manquer-a-rennes-cet-ete","status":"publish","type":"post","link":"https:\/\/www.europesays.com\/fr\/216277\/","title":{"rendered":"Exporama et la collection Pinault, Claire Tabouret au mus\u00e9e des Beaux-Arts\u2026 Les expositions \u00e0 ne pas manquer \u00e0 Rennes cet \u00e9t\u00e9"},"content":{"rendered":"<p>Rennes (Ille-et-Vilaine), envoy\u00e9 sp\u00e9cial.<\/p>\n<p>Pas de parc d\u2019attractions sans photos apr\u00e8s le grand huit ou \u00e0 la sortie du train fant\u00f4me, pas de rencontres sans selfie, pas de visite de mus\u00e9e sans poser devant la V\u00e9nus de Milo\u2026 On se tire le portrait et l\u2019autoportrait \u00e0 tout va\u2026 Mais comment faisaient nos anc\u00eatres\u00a0? Dans l\u2019\u00c9gypte ancienne, des effigies des pharaons, leurs \u00e9pouses ou de tr\u00e8s hauts dignitaires les accompagnaient parfois dans leurs tombeaux.<\/p>\n<p>On conna\u00eet bien aussi le buste de la reine N\u00e9fertiti, dont on peut supposer qu\u2019il lui ressemble, on voit des portraits peints dans les fresques de Pomp\u00e9i et les bustes sculpt\u00e9s de la Rome antique aspirent au r\u00e9alisme. Au d\u00e9but de notre \u00e8re, les portraits fun\u00e9raires \u00e0 la cire de la r\u00e9gion \u00e9gyptienne du Fayoum sont sans doute les plus proches&#8230;<\/p>\n","protected":false},"excerpt":{"rendered":"Rennes (Ille-et-Vilaine), envoy\u00e9 sp\u00e9cial. Pas de parc d\u2019attractions sans photos apr\u00e8s le grand huit ou \u00e0 la sortie&hellip;\n","protected":false},"author":2,"featured_media":216278,"comment_status":"","ping_status":"","sticky":false,"template":"","format":"standard","meta":{"footnotes":""},"categories":[2821],"tags":[1111,11,829,1777,674,1349,1011,27,12,584,25],"class_list":{"0":"post-216277","1":"post","2":"type-post","3":"status-publish","4":"format-standard","5":"has-post-thumbnail","7":"category-rennes","8":"tag-actu","9":"tag-actualites","10":"tag-bretagne","11":"tag-eu","12":"tag-europe","13":"tag-expositions","14":"tag-fr","15":"tag-france","16":"tag-news","17":"tag-rennes","18":"tag-republique-francaise"},"share_on_mastodon":{"url":"https:\/\/pubeurope.com\/@fr\/114773680473965480","error":""},"_links":{"self":[{"href":"https:\/\/www.europesays.com\/fr\/wp-json\/wp\/v2\/posts\/216277","targetHints":{"allow":["GET"]}}],"collection":[{"href":"https:\/\/www.europesays.com\/fr\/wp-json\/wp\/v2\/posts"}],"about":[{"href":"https:\/\/www.europesays.com\/fr\/wp-json\/wp\/v2\/types\/post"}],"author":[{"embeddable":true,"href":"https:\/\/www.europesays.com\/fr\/wp-json\/wp\/v2\/users\/2"}],"replies":[{"embeddable":true,"href":"https:\/\/www.europesays.com\/fr\/wp-json\/wp\/v2\/comments?post=216277"}],"version-history":[{"count":0,"href":"https:\/\/www.europesays.com\/fr\/wp-json\/wp\/v2\/posts\/216277\/revisions"}],"wp:featuredmedia":[{"embeddable":true,"href":"https:\/\/www.europesays.com\/fr\/wp-json\/wp\/v2\/media\/216278"}],"wp:attachment":[{"href":"https:\/\/www.europesays.com\/fr\/wp-json\/wp\/v2\/media?parent=216277"}],"wp:term":[{"taxonomy":"category","embeddable":true,"href":"https:\/\/www.europesays.com\/fr\/wp-json\/wp\/v2\/categories?post=216277"},{"taxonomy":"post_tag","embeddable":true,"href":"https:\/\/www.europesays.com\/fr\/wp-json\/wp\/v2\/tags?post=216277"}],"curies":[{"name":"wp","href":"https:\/\/api.w.org\/{rel}","templated":true}]}}