{"id":216281,"date":"2025-06-30T18:16:15","date_gmt":"2025-06-30T18:16:15","guid":{"rendered":"https:\/\/www.europesays.com\/fr\/216281\/"},"modified":"2025-06-30T18:16:15","modified_gmt":"2025-06-30T18:16:15","slug":"deces-dune-octogenaire-qui-avait-ete-heurtee-par-le-tram","status":"publish","type":"post","link":"https:\/\/www.europesays.com\/fr\/216281\/","title":{"rendered":"d\u00e9c\u00e8s d&rsquo;une octog\u00e9naire qui avait \u00e9t\u00e9 heurt\u00e9e par le tram"},"content":{"rendered":"<p class=\"fig-paragraph\">Une femme qui avait \u00e9t\u00e9 heurt\u00e9e par le tram \u00e0\u00a0<a href=\"http:\/\/www.lefigaro.fr\/faits-divers\/strasbourg-un-detenu-meurt-dans-l-incendie-de-sa-cellule-20250629\" target=\"_blank\" data-fig-type=\"NewsFlash\" rel=\"noopener\" data-gtm-custom-categorie=\"navigation\" data-gtm-custom-action=\"crossclick\" data-gtm-custom-label=\"Contextuel\" data-gtm-event=\"customEventSPE\" data-fig-domain=\"LEFIGARO\">Strasbourg\u00a0<\/a>est d\u00e9c\u00e9d\u00e9e, a indiqu\u00e9 la Compagnie des transports strasbourgeois (CTS) \u00e0 l&rsquo;AFP lundi. L&rsquo;accident est survenu jeudi vers 16h45. Deux femmes \u00e2g\u00e9es ont travers\u00e9 les voies au moment o\u00f9 le tram arrivait en station, et ont \u00e9t\u00e9 gravement bless\u00e9es.<\/p>\n<p class=\"fig-paragraph\">Selon le journal Derni\u00e8res nouvelles d&rsquo;Alsace, la victime d\u00e9c\u00e9d\u00e9e est \u00e2g\u00e9e de 85 ans. Une enqu\u00eate de police a \u00e9t\u00e9 ouverte, ainsi qu&rsquo;une enqu\u00eate interne \u00e0 la CTS.<\/p>\n","protected":false},"excerpt":{"rendered":"Une femme qui avait \u00e9t\u00e9 heurt\u00e9e par le tram \u00e0\u00a0Strasbourg\u00a0est d\u00e9c\u00e9d\u00e9e, a indiqu\u00e9 la Compagnie des transports strasbourgeois&hellip;\n","protected":false},"author":2,"featured_media":216282,"comment_status":"","ping_status":"","sticky":false,"template":"","format":"standard","meta":{"footnotes":""},"categories":[2820],"tags":[1111,47,11,1109,1112,1777,674,118,1108,107,1106,1107,1011,27,775,1110,1114,14,12,1113,316,25,640,4109],"class_list":{"0":"post-216281","1":"post","2":"type-post","3":"status-publish","4":"format-standard","5":"has-post-thumbnail","7":"category-strasbourg","8":"tag-actu","9":"tag-actualite","10":"tag-actualites","11":"tag-breves","12":"tag-depeches","13":"tag-eu","14":"tag-europe","15":"tag-faits-divers","16":"tag-fil","17":"tag-fil-info","18":"tag-flash","19":"tag-flash-actu","20":"tag-fr","21":"tag-france","22":"tag-grand-est","23":"tag-informations","24":"tag-infos","25":"tag-international","26":"tag-news","27":"tag-nouvelles","28":"tag-politique","29":"tag-republique-francaise","30":"tag-strasbourg","31":"tag-tramway"},"share_on_mastodon":{"url":"","error":""},"_links":{"self":[{"href":"https:\/\/www.europesays.com\/fr\/wp-json\/wp\/v2\/posts\/216281","targetHints":{"allow":["GET"]}}],"collection":[{"href":"https:\/\/www.europesays.com\/fr\/wp-json\/wp\/v2\/posts"}],"about":[{"href":"https:\/\/www.europesays.com\/fr\/wp-json\/wp\/v2\/types\/post"}],"author":[{"embeddable":true,"href":"https:\/\/www.europesays.com\/fr\/wp-json\/wp\/v2\/users\/2"}],"replies":[{"embeddable":true,"href":"https:\/\/www.europesays.com\/fr\/wp-json\/wp\/v2\/comments?post=216281"}],"version-history":[{"count":0,"href":"https:\/\/www.europesays.com\/fr\/wp-json\/wp\/v2\/posts\/216281\/revisions"}],"wp:featuredmedia":[{"embeddable":true,"href":"https:\/\/www.europesays.com\/fr\/wp-json\/wp\/v2\/media\/216282"}],"wp:attachment":[{"href":"https:\/\/www.europesays.com\/fr\/wp-json\/wp\/v2\/media?parent=216281"}],"wp:term":[{"taxonomy":"category","embeddable":true,"href":"https:\/\/www.europesays.com\/fr\/wp-json\/wp\/v2\/categories?post=216281"},{"taxonomy":"post_tag","embeddable":true,"href":"https:\/\/www.europesays.com\/fr\/wp-json\/wp\/v2\/tags?post=216281"}],"curies":[{"name":"wp","href":"https:\/\/api.w.org\/{rel}","templated":true}]}}