{"id":216287,"date":"2025-06-30T18:19:13","date_gmt":"2025-06-30T18:19:13","guid":{"rendered":"https:\/\/www.europesays.com\/fr\/216287\/"},"modified":"2025-06-30T18:19:13","modified_gmt":"2025-06-30T18:19:13","slug":"ivre-elle-poignarde-un-homme-dans-le-dos-pres-de-nantes","status":"publish","type":"post","link":"https:\/\/www.europesays.com\/fr\/216287\/","title":{"rendered":"Ivre, elle poignarde un homme dans le dos, pr\u00e8s de Nantes"},"content":{"rendered":"<p>Une jeune femme de 21 ans a \u00e9t\u00e9 interpell\u00e9e samedi matin \u00e0 Ancenis (Loire-Atlantique), apr\u00e8s avoir ass\u00e9n\u00e9 un coup de couteau \u00e0 une personne, en sortie de bo\u00eete de nuit. L\u2019attaquante aurait \u00e9galement violent\u00e9 son ex-compagnon.<\/p>\n<p class=\"fig-paragraph\">La fin de soir\u00e9e s\u2019est achev\u00e9e d\u2019une mani\u00e8re dramatique. Un jeune homme de 22 ans a \u00e9t\u00e9 admis dans un \u00e9tat grave au\u00a0<a href=\"http:\/\/www.lefigaro.fr\/nantes\/chu-de-nantes-vers-un-recours-a-l-ia-pour-ameliorer-la-prise-en-charge-des-cancers-20250212\" target=\"_blank\" data-fig-type=\"NewsFlash\" rel=\"noopener\" data-gtm-custom-categorie=\"navigation\" data-gtm-custom-action=\"crossclick\" data-gtm-custom-label=\"Contextuel\" data-gtm-event=\"customEventSPE\" data-fig-domain=\"LEFIGARO\">CHU de Nantes<\/a>\u00a0(Loire-Atlantique), samedi 28 juin, \u00e0 l\u2019aube, apr\u00e8s avoir \u00e9t\u00e9 poignard\u00e9 dans le dos. La victime a \u00e9t\u00e9 attaqu\u00e9e, sur un parking, par une jeune femme crois\u00e9e au cours de la nuit, dans\u00a0<a href=\"http:\/\/www.lefigaro.fr\/actualite-france\/les-boites-de-nuit-j-en-ai-fait-le-tour-ces-jeunes-francaises-conquises-par-l-art-de-vivre-comme-une-grand-mere-20241109\" target=\"_blank\" data-fig-type=\"Article\" rel=\"noopener\" data-gtm-custom-categorie=\"navigation\" data-gtm-custom-action=\"crossclick\" data-gtm-custom-label=\"Contextuel\" data-gtm-event=\"customEventSPE\" data-fig-domain=\"LEFIGARO\">une bo\u00eete de nuit<\/a>\u00a0d\u2019Ancenis-Saint-G\u00e9r\u00e9on, \u00e0 l\u2019est de la cit\u00e9 des ducs.<\/p>\n<p class=\"fig-paragraph\">L\u2019agression s\u2019est d\u00e9roul\u00e9e vers 6h30 du matin, en pr\u00e9sence des amis respectifs de la victime et de l\u2019assaillante. Selon nos confr\u00e8res de\u00a0<a href=\"https:\/\/www.ouest-france.fr\/societe\/faits-divers\/alcoolisee-elle-cherche-son-ex-et-donne-un-coup-de-couteau-a-un-autre-homme-a-ancenis-d03ec838-54f9-11f0-8d7d-49e18ac65051\" target=\"_blank\" rel=\"noopener\" data-gtm-custom-categorie=\"navigation\" data-gtm-custom-action=\"crossclick\" data-gtm-custom-label=\"Contextuel\" data-gtm-event=\"customEventSPE\">Ouest France<\/a>, la jeune femme \u00e0 l\u2019origine de l\u2019attaque, \u00e2g\u00e9e de 21 ans, \u00e9tait particuli\u00e8rement furibonde au moment des faits, et en voulait \u00e0 son ancien compagnon. Faute de le trouver sur le parking, elle s\u2019en est pris \u00e0 un autre jeune homme avec un couteau de cuisine.<\/p>\n<p>Violences aggrav\u00e9es<\/p>\n<p class=\"fig-paragraph\">Bri\u00e8vement recherch\u00e9e par les forces de l\u2019ordre, la jeune femme a \u00e9t\u00e9 interpell\u00e9e en gare d\u2019Ancenis vers 7 heures du matin, alors qu\u2019elle tentait de dissimuler son visage. Plac\u00e9e en garde \u00e0 vue par la gendarmerie nationale pour \u00abtentative d\u2019homicide volontaire\u00bb, l\u2019assaillante n\u2019a pu \u00eatre auditionn\u00e9e qu\u2019en fin de journ\u00e9e, en raison de son \u00e9tat d\u2019\u00e9bri\u00e9t\u00e9. Selon les enqu\u00eateurs charg\u00e9s du dossier, la m\u00eame personne avait d\u00e9j\u00e0 \u00e9t\u00e9 \u00e0 l\u2019origine d\u2019un pr\u00e9c\u00e9dent fait de violence \u00e0 l\u2019encontre de son ancien compagnon.<\/p>\n<p class=\"fig-paragraph\">Sollicit\u00e9, le parquet du tribunal judiciaire de Nantes confirme au Figaro que la jeune femme a \u00e9t\u00e9 d\u00e9f\u00e9r\u00e9e dimanche, pour des faits requalifi\u00e9s en \u00abviolences aggrav\u00e9es, avec arme et en \u00e9tat d\u2019ivresse\u00bb. L\u2019attaquante au couteau de cuisine doit \u00eatre jug\u00e9e ce lundi en comparution imm\u00e9diate.<\/p>\n","protected":false},"excerpt":{"rendered":"Une jeune femme de 21 ans a \u00e9t\u00e9 interpell\u00e9e samedi matin \u00e0 Ancenis (Loire-Atlantique), apr\u00e8s avoir ass\u00e9n\u00e9 un&hellip;\n","protected":false},"author":2,"featured_media":216288,"comment_status":"","ping_status":"","sticky":false,"template":"","format":"standard","meta":{"footnotes":""},"categories":[2818],"tags":[1111,11,7623,1777,674,462,1011,27,2640,2642,766,2638,2643,2637,2639,2646,2645,2641,2635,2644,2647,12,2636,25],"class_list":{"0":"post-216287","1":"post","2":"type-post","3":"status-publish","4":"format-standard","5":"has-post-thumbnail","7":"category-nantes","8":"tag-actu","9":"tag-actualites","10":"tag-coup-de-couteau","11":"tag-eu","12":"tag-europe","13":"tag-fc-nantes","14":"tag-fr","15":"tag-france","16":"tag-hauts-paves-saint-felix","17":"tag-ile-de-nantes","18":"tag-nantes","19":"tag-nantes-bellevue-chantenay-sainte-anne","20":"tag-nantes-breil-barberie","21":"tag-nantes-centre-ville","22":"tag-nantes-dervallieres-zola","23":"tag-nantes-doulon-bottiere","24":"tag-nantes-erdre","25":"tag-nantes-malakoff-saint-donatien","26":"tag-nantes-metropole","27":"tag-nantes-nord","28":"tag-nantes-sud","29":"tag-news","30":"tag-pays-de-la-loire","31":"tag-republique-francaise"},"share_on_mastodon":{"url":"https:\/\/pubeurope.com\/@fr\/114773699057702456","error":""},"_links":{"self":[{"href":"https:\/\/www.europesays.com\/fr\/wp-json\/wp\/v2\/posts\/216287","targetHints":{"allow":["GET"]}}],"collection":[{"href":"https:\/\/www.europesays.com\/fr\/wp-json\/wp\/v2\/posts"}],"about":[{"href":"https:\/\/www.europesays.com\/fr\/wp-json\/wp\/v2\/types\/post"}],"author":[{"embeddable":true,"href":"https:\/\/www.europesays.com\/fr\/wp-json\/wp\/v2\/users\/2"}],"replies":[{"embeddable":true,"href":"https:\/\/www.europesays.com\/fr\/wp-json\/wp\/v2\/comments?post=216287"}],"version-history":[{"count":0,"href":"https:\/\/www.europesays.com\/fr\/wp-json\/wp\/v2\/posts\/216287\/revisions"}],"wp:featuredmedia":[{"embeddable":true,"href":"https:\/\/www.europesays.com\/fr\/wp-json\/wp\/v2\/media\/216288"}],"wp:attachment":[{"href":"https:\/\/www.europesays.com\/fr\/wp-json\/wp\/v2\/media?parent=216287"}],"wp:term":[{"taxonomy":"category","embeddable":true,"href":"https:\/\/www.europesays.com\/fr\/wp-json\/wp\/v2\/categories?post=216287"},{"taxonomy":"post_tag","embeddable":true,"href":"https:\/\/www.europesays.com\/fr\/wp-json\/wp\/v2\/tags?post=216287"}],"curies":[{"name":"wp","href":"https:\/\/api.w.org\/{rel}","templated":true}]}}