{"id":216289,"date":"2025-06-30T18:20:08","date_gmt":"2025-06-30T18:20:08","guid":{"rendered":"https:\/\/www.europesays.com\/fr\/216289\/"},"modified":"2025-06-30T18:20:08","modified_gmt":"2025-06-30T18:20:08","slug":"ecoles-parcs-personnes-fragiles-face-a-la-canicule-la-ville-de-nantes-prend-des-mesures","status":"publish","type":"post","link":"https:\/\/www.europesays.com\/fr\/216289\/","title":{"rendered":"Ecoles, parcs, personnes fragiles\u2026 Face \u00e0 la canicule, la Ville de Nantes prend des mesures"},"content":{"rendered":"<p>            Par<br \/>\n        <strong><br \/>\n            <a href=\"https:\/\/actu.fr\/auteur\/laure-gentil\" title=\"Consulter tous les articles de Laure Gentil\" rel=\"nofollow noopener\" target=\"_blank\">Laure Gentil<\/a><br \/>\n        <\/strong><\/p>\n<p>        Publi\u00e9 le<\/p>\n<p>            30 juin 2025 \u00e0 20h04        <\/p>\n<p>La <strong>ville de Nantes<\/strong> conna\u00eet un nouvel \u00e9pisode de chaleur. Le d\u00e9partement a \u00e9t\u00e9 plac\u00e9 en vigilance orange <a href=\"https:\/\/actu.fr\/meteo\/on-peut-craindre-une-surmortalite-les-hopitaux-redoutent-l-alerte-rouge-canicule_62846407.html\" rel=\"nofollow noopener\" target=\"_blank\">canicule<\/a> par <strong>M\u00e9t\u00e9o France.<\/strong><\/p>\n<p class=\" wall-content\">Face aux temp\u00e9ratures \u00e9lev\u00e9es annonc\u00e9es par les m\u00e9t\u00e9orologues dans la cit\u00e9 des Ducs de Bretagne, la municipalit\u00e9 a d\u00e9cid\u00e9 de prendre des mesures suppl\u00e9mentaires pour \u00ab\u2009prot\u00e9ger la population\u2009\u00bb.<\/p>\n<p>Des parcs ouverts plus longtemps<\/p>\n<p class=\" wall-content\">D\u00e8s ce lundi 30 juin, l\u2019ouverture des parcs et des jardins est rallong\u00e9e d\u2019une heure. Les sept parcs qui fermaient \u00e0 21h30 <strong>fermeront \u00e0 22h30<\/strong> le soir et ce, jusqu\u2019au 6 juillet\u2009:<\/p>\n<ul class=\" wall-content\">\n<li>Jardin des Plantes<\/li>\n<li>Cours Cambronne<\/li>\n<li>\u00cele de Versailles<\/li>\n<li>Parc Say<\/li>\n<li>Parc des Capucins<\/li>\n<li>Square Faustin H\u00e9lie<\/li>\n<li>Square Amiral Halgan<\/li>\n<\/ul>\n<p class=\" wall-content\">Les <strong>douze autres parcs,<\/strong> qui ferment d\u2019habitude \u00e0 22h30, <strong>fermeront \u00e0 23h30<\/strong>.<\/p>\n<p>Vid\u00e9os : en ce moment sur ActuQu\u2019en est-il des \u00e9coles\u2009?<\/p>\n<p class=\" wall-content\">Les \u00e9coles restent ouvertes mais une \u00ab\u2009<strong>tol\u00e9rance quant \u00e0 l\u2019assiduit\u00e9 scolaire<\/strong> est accord\u00e9e aux familles qui souhaitent garder leurs enfants en raison de la chaleur\u2009\u00bb, indique la Ville.<\/p>\n<p class=\" wall-content\">La municipalit\u00e9 pr\u00e9cise, de plus, que \u00ab\u2009selon les situations de chaque \u00e9cole\u2009\u00bb l\u2019organisation peut \u00eatre am\u00e9nag\u00e9e\u2009: d\u00e9jeuner en classe ou dehors, utilisation d\u2019espaces plus frais sur le temps scolaire\u2026<\/p>\n<p class=\" wall-content\">L<strong>\u2019accueil p\u00e9riscolaire<\/strong> est aussi adapt\u00e9 jusqu\u2019\u00e0 mardi. Quant aux heures de d\u00e9part, les parents peuvent venir chercher leurs enfants d\u00e8s 16h45 sans attendre l\u2019heure habituelle de 17h30.<\/p>\n<p>Appels aux personnes fragiles<\/p>\n<p class=\" wall-content\">La Ville de Nantes et le CCAS ont aussi d\u00e9cid\u00e9 d\u2019appeler les personnes fragiles recens\u00e9es dans le registre communal.<\/p>\n<p class=\" wall-content\">Les<strong> horaires d\u2019ouverture du CCAS<\/strong> seront aussi adapt\u00e9s jusqu\u2019au jeudi 3\u00a0juillet, avec une ouverture \u00e0 8h au lieu de 9h et une fermeture \u00e0 14h.<\/p>\n<p class=\" wall-content\">Suivez toute l\u2019actualit\u00e9 de vos villes et m\u00e9dias favoris en vous inscrivant \u00e0 <a href=\"https:\/\/moncompte.actu.fr\" title=\"D\u00e9couvez Mon Actu\" rel=\"nofollow noopener\" data-trk=\"{&quot;cta&quot;:{&quot;action&quot;:&quot;https:\\\/\\\/moncompte.actu.fr&quot;,&quot;category&quot;:&quot;mon compte&quot;,&quot;from&quot;:&quot;article footer&quot;,&quot;name&quot;:&quot;Mon actu&quot;,&quot;type&quot;:&quot;cta&quot;}}\" target=\"_blank\">Mon Actu<\/a>.<\/p>\n","protected":false},"excerpt":{"rendered":"Par Laure Gentil Publi\u00e9 le 30 juin 2025 \u00e0 20h04 La ville de Nantes conna\u00eet un nouvel \u00e9pisode&hellip;\n","protected":false},"author":2,"featured_media":216290,"comment_status":"","ping_status":"","sticky":false,"template":"","format":"standard","meta":{"footnotes":""},"categories":[2818],"tags":[1111,11,6698,1777,674,1011,27,2487,766,12,2636,25],"class_list":{"0":"post-216289","1":"post","2":"type-post","3":"status-publish","4":"format-standard","5":"has-post-thumbnail","7":"category-nantes","8":"tag-actu","9":"tag-actualites","10":"tag-canicule","11":"tag-eu","12":"tag-europe","13":"tag-fr","14":"tag-france","15":"tag-meteo","16":"tag-nantes","17":"tag-news","18":"tag-pays-de-la-loire","19":"tag-republique-francaise"},"share_on_mastodon":{"url":"https:\/\/pubeurope.com\/@fr\/114773703715861953","error":""},"_links":{"self":[{"href":"https:\/\/www.europesays.com\/fr\/wp-json\/wp\/v2\/posts\/216289","targetHints":{"allow":["GET"]}}],"collection":[{"href":"https:\/\/www.europesays.com\/fr\/wp-json\/wp\/v2\/posts"}],"about":[{"href":"https:\/\/www.europesays.com\/fr\/wp-json\/wp\/v2\/types\/post"}],"author":[{"embeddable":true,"href":"https:\/\/www.europesays.com\/fr\/wp-json\/wp\/v2\/users\/2"}],"replies":[{"embeddable":true,"href":"https:\/\/www.europesays.com\/fr\/wp-json\/wp\/v2\/comments?post=216289"}],"version-history":[{"count":0,"href":"https:\/\/www.europesays.com\/fr\/wp-json\/wp\/v2\/posts\/216289\/revisions"}],"wp:featuredmedia":[{"embeddable":true,"href":"https:\/\/www.europesays.com\/fr\/wp-json\/wp\/v2\/media\/216290"}],"wp:attachment":[{"href":"https:\/\/www.europesays.com\/fr\/wp-json\/wp\/v2\/media?parent=216289"}],"wp:term":[{"taxonomy":"category","embeddable":true,"href":"https:\/\/www.europesays.com\/fr\/wp-json\/wp\/v2\/categories?post=216289"},{"taxonomy":"post_tag","embeddable":true,"href":"https:\/\/www.europesays.com\/fr\/wp-json\/wp\/v2\/tags?post=216289"}],"curies":[{"name":"wp","href":"https:\/\/api.w.org\/{rel}","templated":true}]}}