{"id":216297,"date":"2025-06-30T18:24:08","date_gmt":"2025-06-30T18:24:08","guid":{"rendered":"https:\/\/www.europesays.com\/fr\/216297\/"},"modified":"2025-06-30T18:24:08","modified_gmt":"2025-06-30T18:24:08","slug":"regis-godec-et-les-ecologistes-devoilent-leurs-premiers-colistiers","status":"publish","type":"post","link":"https:\/\/www.europesays.com\/fr\/216297\/","title":{"rendered":"R\u00e9gis Godec et les \u00c9cologistes d\u00e9voilent leurs premiers colistiers"},"content":{"rendered":"<p>            Par<br \/>\n        <strong><br \/>\n            <a href=\"https:\/\/actu.fr\/auteur\/guillaume-laurens\" title=\"Consulter tous les articles de Guillaume Laurens\" target=\"_blank\" rel=\"noopener\">Guillaume Laurens<\/a><br \/>\n        <\/strong><\/p>\n<p>        Publi\u00e9 le<\/p>\n<p>            30 juin 2025 \u00e0 20h10        <\/p>\n<p>\u00ab\u00a0Toulouse Grandeur Nature\u00a0\u00bb : c\u2019est le nom du pr\u00e9-projet (et de la future liste ?) des <strong>\u00c9cologistes<\/strong> pour les <a href=\"https:\/\/actu.fr\/toulouse\/politique\/elections-municipales\" target=\"_blank\" rel=\"noopener\"><strong>Municipales 2026<\/strong> \u00e0 <strong>Toulouse<\/strong><\/a>. Car avant de d\u00e9voiler quelques id\u00e9es fortes que son parti entend d\u00e9fendre dans la prochaine course au Capitole,<a href=\"https:\/\/actu.fr\/occitanie\/toulouse_31555\/toulouse-les-ecologistes-ont-choisi-leur-chef-de-file-pour-les-municipales-2026_61851341.html\" target=\"_blank\" rel=\"noopener\"> le chef de file <strong>R\u00e9gis Godec<\/strong> et sa bin\u00f4me <strong>H\u00e9l\u00e8ne Cabanes<\/strong><\/a> ont pr\u00e9sent\u00e9 lundi 30 juin 2025 une dizaine de <strong>\u00ab\u00a0nouveaux colistiers\u00a0\u00bb<\/strong> qui les accompagneront dans cette campagne.<\/p>\n<p>Dix colistiers entre \u00ab\u00a0renouvellement et exp\u00e9rience\u00a0\u00bb<\/p>\n<p class=\" wall-content\">\u00ab\u00a0Ces 10 colistiers ont \u00e9t\u00e9 d\u00e9sign\u00e9s il y a <strong>une dizaine de jours<\/strong> par le groupe local\u00a0\u00bb des \u00c9cologistes \u00e0 Toulouse, a expliqu\u00e9 R\u00e9gis Godec, quand l\u2019adjointe du chef de file y voit \u00ab\u00a0un collectif qui incarne \u00e0 la fois du <strong>renouvellement<\/strong> et de <strong>l\u2019exp\u00e9rience<\/strong>\u00ab\u00a0.<\/p>\n<p class=\" wall-content\">Pour l\u2019exp\u00e9rience, le duo mise notamment sur <strong>Mich\u00e8le Bleuse<\/strong>, \u00ab\u00a0pilier de notre opposition municipale et sp\u00e9cialiste des finances\u00a0\u00bb, mais aussi sur <strong>Gis\u00e8le Verniol<\/strong>, qui fut la premi\u00e8re adjointe de Pierre Cohen (en charge de l\u2019\u00c9ducation) entre 2008 et 2014, aux c\u00f4t\u00e9s de R\u00e9gis Godec.<\/p>\n<p class=\" wall-content\">Voici les 10 colistiers qui rejoignent R\u00e9gis Godec pour les Municipales :<\/p>\n<ul class=\" wall-content\">\n<li><strong>M\u00e9lanie Baillot,<\/strong> haute-fonctionnaire de l\u2019Assembl\u00e9e nationale, dirigeante d\u2019une association de service public sur le logement<\/li>\n<li><strong>Mich\u00e8le Bleuse<\/strong>, ing\u00e9nieure agronome, conseill\u00e8re municipale d\u2019opposition<\/li>\n<li><strong>Alexandre Borderie<\/strong>, chef d\u2019une entreprise dans le num\u00e9rique, directeur de campagne de R\u00e9gis Godec<\/li>\n<li><strong>Alice Carr\u00e9<\/strong>, co-secr\u00e9taire r\u00e9gionale des \u00c9cologistes Midi-Pyr\u00e9n\u00e9es depuis 2022,<\/li>\n<li><strong>Z\u00e9phyr Isard,<\/strong> militant chez les jeunes \u00e9cologistes<\/li>\n<li><strong>Manuel Leick-Jonard, <\/strong>coordinateur d\u2019une association sp\u00e9cialis\u00e9e dans le traitement des d\u00e9chets<\/li>\n<li><strong>Simon Moulines<\/strong>, administrateur territorial, sp\u00e9cialis\u00e9 dans la transition \u00e9cologique<\/li>\n<li><strong>Laura Verlhac<\/strong>, co-directrice d\u2019une association de protection de la nature<\/li>\n<li><strong>Gis\u00e8le Verniol<\/strong>, jadis socialiste, ex-premi\u00e8re adjointe de Pierre Cohen \u00e0 l\u2019\u00c9ducation<\/li>\n<li><strong>Joachim Voisin-Marras<\/strong>, militant chez SOS Racisme et Greenpeace, collaborateur des \u00e9lus \u00e9cologistes \u00e0 la Ville et \u00e0 la M\u00e9tropole.<\/li>\n<\/ul>\n<p>Et bient\u00f4t \u00ab\u00a0des gens de la soci\u00e9t\u00e9 civile\u00a0\u00bb<\/p>\n<p class=\" wall-content\">\u00ab\u00a0L\u2019incarnation \u00e9tant tranch\u00e9e chez nous, il s\u2019agissait de muscler l\u2019\u00e9quipe\u00a0\u00bb, a rench\u00e9ri <strong>Alexandre Borderies<\/strong>, par ailleurs directeur de campagne de R\u00e9gis Godec.\u00a0Outre ces dix premiers candidats, tous militants chez les \u00c9cologistes, \u00ab\u00a0notre liste comportera <strong>des gens de la soci\u00e9t\u00e9 civile\u00a0\u00bb,<\/strong> a poursuivi R\u00e9gis Godec.<\/p>\n<p>Vid\u00e9os : en ce moment sur ActuLes \u00e9colos pr\u00eats \u00e0 faire bande \u00e0 part ?<\/p>\n<p class=\" wall-content\">Alors qu\u2019\u00e0 bient\u00f4t huit mois des Municipales, la gauche peine \u00e0 trouver le chemin de l\u2019union dans la future 3\u1d49 ville de France, et que <strong>la rupture para\u00eet consomm\u00e9e<\/strong> entre socialistes et insoumis, faisant rejaillir le spectre des <strong>gauches irr\u00e9conciliables<\/strong>, les \u00e9cologistes avancent leurs propres pions, quitte \u00e0 faire bande \u00e0 part ?<\/p>\n<p class=\" wall-content\">\u00ab\u00a0Notre ambition reste de <strong>rassembler la gauche<\/strong> et <strong>les \u00e9cologistes\u00a0\u00bb,<\/strong> r\u00e9it\u00e8re R\u00e9gis Godec. \u00ab\u00a0Et dans ce rassemblement, il est logique qu\u2019il y ait des militants de notre parti\u2026\u00a0\u00bb. \u00ab\u00a0On est <strong>volontairement 12, pas 60\u2033<\/strong>, sourit H\u00e9l\u00e8ne Cabanes, \u00ab\u00a0les mains sont tendues. Mais il fallait que l\u2019on <strong>se mette en pr\u00e9-campagne\u00a0\u00bb.<\/strong><\/p>\n<p class=\" wall-content\">La priorit\u00e9 pour R\u00e9gis Godec reste donc \u00ab\u00a0que cette liste (suppos\u00e9e d\u2019union de la gauche, NDLR) s\u2019entende sur un projet\u00a0\u00bb afin, dit-il, \u00ab\u00a0de d\u00e9finir une <strong>coalition politique<\/strong> sur une <strong>gouvernance partag\u00e9e<\/strong>, qui soit repr\u00e9sent\u00e9e au niveau de la Ville et de la M\u00e9tropole\u00a0\u00bb.<\/p>\n<p>\u00ab\u00a0On propose une autre m\u00e9thode\u00a0\u00bb, dit R\u00e9gis Godec<\/p>\n<p class=\" wall-content\">Alors que les \u00c9cologistes ont re\u00e7u<a href=\"https:\/\/actu.fr\/occitanie\/toulouse_31555\/municipales-2026-a-toulouse-francois-piquemal-lfi-propose-la-presidence-de-la-metropole-aux-ecologistes_62486593.html\" target=\"_blank\" rel=\"noopener\"> des appels du pied des insoumis<\/a> comme <a href=\"https:\/\/actu.fr\/occitanie\/toulouse_31555\/municipales-2026-toulouse-le-ps-tres-optimiste-pour-aboutir-a-un-accord-avec-la-gauche-mais-sans-lfi_62796068.html\" target=\"_blank\" rel=\"noopener\">des socialistes,<\/a> qui leur ont tous deux <strong>propos\u00e9 les r\u00eanes de la M\u00e9tropole<\/strong> en cas de succ\u00e8s au Capitole, R\u00e9gis Godec se trouve-t-il au centre du jeu politique, c\u00f4t\u00e9 progressiste ? Il appuie :<\/p>\n<blockquote class=\"ac-article-quote wall-content\">\n<p>La pr\u00e9sidence de la M\u00e9tropole nous a \u00e9t\u00e9 propos\u00e9e par LFI comme par le PS. Nous en sommes honor\u00e9s, mais il ne nous semble pas que pour construire une coalition large, cela puisse passer par un accord entre deux formations&#8230;<\/p>\n<p>    <strong>R\u00e9gis Godec<\/strong><br \/>\n        Chef de file des \u00c9cologistes pour les Municipales 2026 \u00e0 Toulouse    <\/p><\/blockquote>\n<p class=\" wall-content\">\u00ab\u00a0On propose <strong>une autre m\u00e9thode\u00a0\u00bb,<\/strong> d\u00e9fend R\u00e9gis Godec : \u00ab\u00a0Que cette liste s\u2019entende sur un projet, qu\u2019elle d\u00e9finisse une coalition politique pour qu\u2019apr\u00e8s la rentr\u00e9e, on tranche\u00a0\u00bb. Et il conclut : \u00ab\u00a0L\u2019objectif, c\u2019est qu\u2019\u00e0 l\u2019automne, il puisse y avoir des candidats et candidates \u00e0 cette gouvernance partag\u00e9e entre la Ville et la M\u00e9tropole\u00a0\u00bb.<\/p>\n<p class=\" wall-content\">Suivez toute l\u2019actualit\u00e9 de vos villes et m\u00e9dias favoris en vous inscrivant \u00e0 <a href=\"https:\/\/moncompte.actu.fr\" title=\"D\u00e9couvez Mon Actu\" rel=\"nofollow noopener\" data-trk=\"{&quot;cta&quot;:{&quot;action&quot;:&quot;https:\\\/\\\/moncompte.actu.fr&quot;,&quot;category&quot;:&quot;mon compte&quot;,&quot;from&quot;:&quot;article footer&quot;,&quot;name&quot;:&quot;Mon actu&quot;,&quot;type&quot;:&quot;cta&quot;}}\" target=\"_blank\">Mon Actu<\/a>.<\/p>\n<ul class=\"ac-article-tag wall-content\">\n<li><a href=\"https:\/\/actu.fr\/tag\/europe-ecologie-les-verts-eelv\" data-trk=\"{&quot;cta&quot;:{&quot;action&quot;:&quot;Europe Ecologie Les Verts (EELV)&quot;,&quot;category&quot;:&quot;tag&quot;,&quot;from&quot;:&quot;article footer&quot;,&quot;name&quot;:&quot;Europe Ecologie Les Verts (EELV)&quot;,&quot;type&quot;:&quot;cta&quot;}}\" target=\"_blank\" rel=\"noopener\">#Europe Ecologie Les Verts (EELV)<\/a><\/li>\n<li><a href=\"https:\/\/actu.fr\/tag\/municipales-2026\" data-trk=\"{&quot;cta&quot;:{&quot;action&quot;:&quot;Municipales 2026&quot;,&quot;category&quot;:&quot;tag&quot;,&quot;from&quot;:&quot;article footer&quot;,&quot;name&quot;:&quot;Municipales 2026&quot;,&quot;type&quot;:&quot;cta&quot;}}\" target=\"_blank\" rel=\"noopener\">#Municipales 2026<\/a><\/li>\n<\/ul>\n","protected":false},"excerpt":{"rendered":"Par Guillaume Laurens Publi\u00e9 le 30 juin 2025 \u00e0 20h10 \u00ab\u00a0Toulouse Grandeur Nature\u00a0\u00bb : c\u2019est le nom du&hellip;\n","protected":false},"author":2,"featured_media":216298,"comment_status":"","ping_status":"","sticky":false,"template":"","format":"standard","meta":{"footnotes":""},"categories":[2816],"tags":[1111,11,4188,1777,674,7430,1011,27,3434,12,2680,316,25,2312],"class_list":{"0":"post-216297","1":"post","2":"type-post","3":"status-publish","4":"format-standard","5":"has-post-thumbnail","7":"category-toulouse","8":"tag-actu","9":"tag-actualites","10":"tag-elections-municipales","11":"tag-eu","12":"tag-europe","13":"tag-europe-ecologie-les-verts-eelv","14":"tag-fr","15":"tag-france","16":"tag-municipales-2026","17":"tag-news","18":"tag-occitanie","19":"tag-politique","20":"tag-republique-francaise","21":"tag-toulouse"},"share_on_mastodon":{"url":"https:\/\/pubeurope.com\/@fr\/114773718745001580","error":""},"_links":{"self":[{"href":"https:\/\/www.europesays.com\/fr\/wp-json\/wp\/v2\/posts\/216297","targetHints":{"allow":["GET"]}}],"collection":[{"href":"https:\/\/www.europesays.com\/fr\/wp-json\/wp\/v2\/posts"}],"about":[{"href":"https:\/\/www.europesays.com\/fr\/wp-json\/wp\/v2\/types\/post"}],"author":[{"embeddable":true,"href":"https:\/\/www.europesays.com\/fr\/wp-json\/wp\/v2\/users\/2"}],"replies":[{"embeddable":true,"href":"https:\/\/www.europesays.com\/fr\/wp-json\/wp\/v2\/comments?post=216297"}],"version-history":[{"count":0,"href":"https:\/\/www.europesays.com\/fr\/wp-json\/wp\/v2\/posts\/216297\/revisions"}],"wp:featuredmedia":[{"embeddable":true,"href":"https:\/\/www.europesays.com\/fr\/wp-json\/wp\/v2\/media\/216298"}],"wp:attachment":[{"href":"https:\/\/www.europesays.com\/fr\/wp-json\/wp\/v2\/media?parent=216297"}],"wp:term":[{"taxonomy":"category","embeddable":true,"href":"https:\/\/www.europesays.com\/fr\/wp-json\/wp\/v2\/categories?post=216297"},{"taxonomy":"post_tag","embeddable":true,"href":"https:\/\/www.europesays.com\/fr\/wp-json\/wp\/v2\/tags?post=216297"}],"curies":[{"name":"wp","href":"https:\/\/api.w.org\/{rel}","templated":true}]}}