{"id":216301,"date":"2025-06-30T18:26:35","date_gmt":"2025-06-30T18:26:35","guid":{"rendered":"https:\/\/www.europesays.com\/fr\/216301\/"},"modified":"2025-06-30T18:26:35","modified_gmt":"2025-06-30T18:26:35","slug":"la-francaise-rem-nouvel-angle-simon-touze-explore-lille-pour-lf-croissance-territoires-patrimoine24-toute-lactualite-de-la-gestion-de-patrimoine","status":"publish","type":"post","link":"https:\/\/www.europesays.com\/fr\/216301\/","title":{"rendered":"La Fran\u00e7aise REM &#8211; Nouvel angle : Simon Touz\u00e9 explore Lille pour LF Croissance &#038; Territoires &#8211; PATRIMOINE24 &#8211; Toute l&rsquo;actualit\u00e9 de la gestion de patrimoine"},"content":{"rendered":"<p style=\"text-align: justify;\"><strong>Dans ce nouveau format vid\u00e9o, Simon Touz\u00e9, Asset Manager chez La Fran\u00e7aise REM, propose une immersion au c\u0153ur de la m\u00e9tropole lilloise. L\u2019occasion de red\u00e9couvrir Lille, capitale des Hauts-de-France, \u00e0 travers les opportunit\u00e9s offertes par la SCPI LF Croissance &amp; Territoires.\u00a0<\/strong><\/p>\n<p>&#13;<br \/>\n &#13;<\/p>\n<p style=\"text-align: justify;\">\u00a0<\/p>\n<p>&#13;<\/p>\n<p style=\"text-align: justify;\">Disclaimer : Investir comporte des risques, notamment de perte en capital, prenez-en connaissance. Les parts de SCPI sont des supports de placement \u00e0 long terme et doivent \u00eatre acquises dans une optique de diversification de patrimoine.<\/p>\n<p>&#13;<br \/>\n&#13;<\/p>\n<p style=\"text-align: justify;\"><a href=\"https:\/\/www.la-francaise.com\/fr\/\" target=\"_blank\" rel=\"noopener\"><img loading=\"lazy\" decoding=\"async\" src=\"https:\/\/www.europesays.com\/fr\/wp-content\/uploads\/2025\/06\/Logo_La_Francaise_REM.png\" alt=\"La fran\u00e7aise\" width=\"372\" height=\"135\" style=\"margin: 10px auto; display: block;\"\/><\/a><\/p>\n<p>&#13;<\/p>\n<p>Pour acc\u00e9der au site, <a href=\"https:\/\/www.la-francaise.com\/fr\/\" target=\"_blank\" rel=\"noopener\">cliquez ICI<\/a>.<\/p>\n","protected":false},"excerpt":{"rendered":"Dans ce nouveau format vid\u00e9o, Simon Touz\u00e9, Asset Manager chez La Fran\u00e7aise REM, propose une immersion au c\u0153ur&hellip;\n","protected":false},"author":2,"featured_media":216302,"comment_status":"","ping_status":"","sticky":false,"template":"","format":"standard","meta":{"footnotes":""},"categories":[2815],"tags":[1111,11,35564,1777,674,1011,27,811,5480,35565,1116,402,399,35563,1307,12,2551,25,31281],"class_list":{"0":"post-216301","1":"post","2":"type-post","3":"status-publish","4":"format-standard","5":"has-post-thumbnail","7":"category-lille","8":"tag-actu","9":"tag-actualites","10":"tag-cgp","11":"tag-eu","12":"tag-europe","13":"tag-fr","14":"tag-france","15":"tag-hauts-de-france","16":"tag-immeuble","17":"tag-immo","18":"tag-immobilier","19":"tag-investir","20":"tag-investissement","21":"tag-lf","22":"tag-lille","23":"tag-news","24":"tag-patrimoine","25":"tag-republique-francaise","26":"tag-scpi"},"share_on_mastodon":{"url":"https:\/\/pubeurope.com\/@fr\/114773726561390488","error":""},"_links":{"self":[{"href":"https:\/\/www.europesays.com\/fr\/wp-json\/wp\/v2\/posts\/216301","targetHints":{"allow":["GET"]}}],"collection":[{"href":"https:\/\/www.europesays.com\/fr\/wp-json\/wp\/v2\/posts"}],"about":[{"href":"https:\/\/www.europesays.com\/fr\/wp-json\/wp\/v2\/types\/post"}],"author":[{"embeddable":true,"href":"https:\/\/www.europesays.com\/fr\/wp-json\/wp\/v2\/users\/2"}],"replies":[{"embeddable":true,"href":"https:\/\/www.europesays.com\/fr\/wp-json\/wp\/v2\/comments?post=216301"}],"version-history":[{"count":0,"href":"https:\/\/www.europesays.com\/fr\/wp-json\/wp\/v2\/posts\/216301\/revisions"}],"wp:featuredmedia":[{"embeddable":true,"href":"https:\/\/www.europesays.com\/fr\/wp-json\/wp\/v2\/media\/216302"}],"wp:attachment":[{"href":"https:\/\/www.europesays.com\/fr\/wp-json\/wp\/v2\/media?parent=216301"}],"wp:term":[{"taxonomy":"category","embeddable":true,"href":"https:\/\/www.europesays.com\/fr\/wp-json\/wp\/v2\/categories?post=216301"},{"taxonomy":"post_tag","embeddable":true,"href":"https:\/\/www.europesays.com\/fr\/wp-json\/wp\/v2\/tags?post=216301"}],"curies":[{"name":"wp","href":"https:\/\/api.w.org\/{rel}","templated":true}]}}