{"id":216305,"date":"2025-06-30T18:28:09","date_gmt":"2025-06-30T18:28:09","guid":{"rendered":"https:\/\/www.europesays.com\/fr\/216305\/"},"modified":"2025-06-30T18:28:09","modified_gmt":"2025-06-30T18:28:09","slug":"le-restaurant-dantonio-a-marseille-est-il-toujours-ouvert-apres-le-passage-de-philippe-etchebest","status":"publish","type":"post","link":"https:\/\/www.europesays.com\/fr\/216305\/","title":{"rendered":"le restaurant d\u2019Antonio \u00e0 Marseille est-il toujours ouvert apr\u00e8s le passage de Philippe Etchebest ?"},"content":{"rendered":"<p>Dans \u201cCauchemar en cuisine\u201d, Philippe Etchebest se rend \u00e0 Marseille pour sauver le restaurant d\u2019Antonio, en chute libre apr\u00e8s dix ans d\u2019activit\u00e9. Gestion, communication, d\u00e9co improbable\u2026 Le chef pourra-t-il \u00e9viter la fermeture ? Voici ce qu\u2019il s\u2019est pass\u00e9 apr\u00e8s son passage.<\/p>\n<p>Encore un \u00e9pisode qui promet d\u2019\u00eatre haut en couleur ! Pour ce nouvel \u00e9pisode de Cauchemar en cuisine, diffus\u00e9 le 30 juin \u00e0 21 h 10, Philippe Etchebest se rend \u00e0 Marseille, dans un restaurant de tapas en difficult\u00e9. \u00c0 la t\u00eate de \u201cTapas Rojas\u201d depuis 10 ans, Antonio. Ce restaurateur de 52 ans, ancien skateur professionnel, vit dans le d\u00e9ni. Autrefois populaire, son restaurant est aujourd\u2019hui en chute libre. Il ne comprend pas les raisons de ses difficult\u00e9s, ce qui risque de le mener tout droit \u00e0 la fermeture\u2026 L\u2019intervention du chef \u00e9toil\u00e9 suffira-t-elle \u00e0 garder ouvert ce lieu ? On vous explique tout.<\/p>\n<p>Un probl\u00e8me global<\/p>\n<p>Contrairement aux saisons pr\u00e9c\u00e9dentes, le chef ne s\u2019int\u00e9resse pas qu\u2019aux probl\u00e8mes d\u2019hygi\u00e8ne. Les probl\u00e9matiques sont envisag\u00e9es au sens large : gestion de la communication, de l\u2019organisation, relations entre les membres du personnel\u2026 Un changement qui pourrait bien aider le restaurateur marseillais.\u00a0On voit alors Philippe Etchebest inspecter chaque recoin du restaurant. La cuisine, la salle, et m\u00eame les toilettes sont pass\u00e9es en revue. Le chef fait ainsi une d\u00e9couverte inattendue : les murs des toilettes sont orn\u00e9s de photos de personnalit\u00e9s, dont\u2026 la sienne ! Une d\u00e9cor&#8230;<\/p>\n<p><a href=\"https:\/\/www.750g.com\/cauchemar-en-cuisine-le-restaurant-d-antonio-a-marseille-est-il-toujours-ouvert-apres-le-passage-de-philippe-etchebest-a41090.htm\" rel=\"nofollow noopener\" target=\"_blank\" data-ylk=\"slk:Cliquez ici pour voir la suite;elm:context_link;itc:0;sec:content-canvas\" class=\"link \">Cliquez ici pour voir la suite<\/a><\/p>\n<p>\u00c0 lire aussi :<\/p>\n<p><a href=\"https:\/\/www.750g.com\/cauchemar-en-cuisine-le-cafe-chabert-de-christine-est-il-toujours-ouvert-apres-le-passage-de-philippe-etchebest-a37677.htm\" rel=\"nofollow noopener\" target=\"_blank\" data-ylk=\"slk:Cauchemar en Cuisine : le Caf\u00e9 Chabert de Christine est-il toujours ouvert apr\u00e8s le passage de Philippe Etchebest ?;elm:context_link;itc:0;sec:content-canvas\" class=\"link \">Cauchemar en Cuisine : le Caf\u00e9 Chabert de Christine est-il toujours ouvert apr\u00e8s le passage de Philippe Etchebest ?<\/a><br \/><a href=\"https:\/\/www.750g.com\/cauchemar-en-cuisine-la-cafeteria-le-restaurant-de-sarlat-est-il-toujours-ouvert-apres-le-passage-de-philippe-etchebest-a37067.htm\" rel=\"nofollow noopener\" target=\"_blank\" data-ylk=\"slk:Cauchemar en cuisine : La Caf\u00e9t\u00e9ria, le restaurant de Sarlat est-il toujours ouvert apr\u00e8s le passage de Philippe Etchebest ?;elm:context_link;itc:0;sec:content-canvas\" class=\"link \">Cauchemar en cuisine : La Caf\u00e9t\u00e9ria, le restaurant de Sarlat est-il toujours ouvert apr\u00e8s le passage de Philippe Etchebest ?<\/a><br \/><a href=\"https:\/\/www.750g.com\/cauchemar-en-cuisine-le-restaurant-de-myriam-a-saint-malo-de-guersac-est-il-toujours-ouvert-a40303.htm\" rel=\"nofollow noopener\" target=\"_blank\" data-ylk=\"slk:Cauchemar en cuisine : le restaurant de Myriam \u00e0 Saint-Malo-de-Guersac est-il toujours ouvert ?;elm:context_link;itc:0;sec:content-canvas\" class=\"link \">Cauchemar en cuisine : le restaurant de Myriam \u00e0 Saint-Malo-de-Guersac est-il toujours ouvert ?<\/a><\/p>\n","protected":false},"excerpt":{"rendered":"Dans \u201cCauchemar en cuisine\u201d, Philippe Etchebest se rend \u00e0 Marseille pour sauver le restaurant d\u2019Antonio, en chute libre&hellip;\n","protected":false},"author":2,"featured_media":216306,"comment_status":"","ping_status":"","sticky":false,"template":"","format":"standard","meta":{"footnotes":""},"categories":[2814],"tags":[1111,11,10976,902,1777,674,1011,27,2493,884,12,5387,882,25,1340],"class_list":{"0":"post-216305","1":"post","2":"type-post","3":"status-publish","4":"format-standard","5":"has-post-thumbnail","7":"category-marseille","8":"tag-actu","9":"tag-actualites","10":"tag-cauchemar-en-cuisine","11":"tag-cuisine","12":"tag-eu","13":"tag-europe","14":"tag-fr","15":"tag-france","16":"tag-le-chef","17":"tag-marseille","18":"tag-news","19":"tag-philippe-etchebest","20":"tag-provence-alpes-cote-dazur","21":"tag-republique-francaise","22":"tag-restaurant"},"share_on_mastodon":{"url":"https:\/\/pubeurope.com\/@fr\/114773735426439111","error":""},"_links":{"self":[{"href":"https:\/\/www.europesays.com\/fr\/wp-json\/wp\/v2\/posts\/216305","targetHints":{"allow":["GET"]}}],"collection":[{"href":"https:\/\/www.europesays.com\/fr\/wp-json\/wp\/v2\/posts"}],"about":[{"href":"https:\/\/www.europesays.com\/fr\/wp-json\/wp\/v2\/types\/post"}],"author":[{"embeddable":true,"href":"https:\/\/www.europesays.com\/fr\/wp-json\/wp\/v2\/users\/2"}],"replies":[{"embeddable":true,"href":"https:\/\/www.europesays.com\/fr\/wp-json\/wp\/v2\/comments?post=216305"}],"version-history":[{"count":0,"href":"https:\/\/www.europesays.com\/fr\/wp-json\/wp\/v2\/posts\/216305\/revisions"}],"wp:featuredmedia":[{"embeddable":true,"href":"https:\/\/www.europesays.com\/fr\/wp-json\/wp\/v2\/media\/216306"}],"wp:attachment":[{"href":"https:\/\/www.europesays.com\/fr\/wp-json\/wp\/v2\/media?parent=216305"}],"wp:term":[{"taxonomy":"category","embeddable":true,"href":"https:\/\/www.europesays.com\/fr\/wp-json\/wp\/v2\/categories?post=216305"},{"taxonomy":"post_tag","embeddable":true,"href":"https:\/\/www.europesays.com\/fr\/wp-json\/wp\/v2\/tags?post=216305"}],"curies":[{"name":"wp","href":"https:\/\/api.w.org\/{rel}","templated":true}]}}