{"id":216309,"date":"2025-06-30T18:30:14","date_gmt":"2025-06-30T18:30:14","guid":{"rendered":"https:\/\/www.europesays.com\/fr\/216309\/"},"modified":"2025-06-30T18:30:14","modified_gmt":"2025-06-30T18:30:14","slug":"lyon-cetait-quoi-cette-fumee-pres-de-laeroport-saint-exupery-ce-lundi","status":"publish","type":"post","link":"https:\/\/www.europesays.com\/fr\/216309\/","title":{"rendered":"Lyon : c&rsquo;\u00e9tait quoi cette fum\u00e9e pr\u00e8s de l&rsquo;a\u00e9roport Saint-Exup\u00e9ry ce lundi ?"},"content":{"rendered":"<p>Une fum\u00e9e \u00e9tait visible ce lundi 30 juin, \u00e0 proximit\u00e9 de l&rsquo;a\u00e9roport de Lyon-Saint-Exup\u00e9ry.<\/p>\n<p>Une \u00e9paisse fum\u00e9e noire \u00e9tait visible dans le ciel de <b>Colombier-Saugnieu<\/b>, ce lundi apr\u00e8s-midi, pr\u00e8s de l&rsquo;a\u00e9roport de Lyon-Saint-Exup\u00e9ry.\u00a0<\/p>\n<p>En cause, <b>un feu de v\u00e9g\u00e9tation <\/b>qui s&rsquo;\u00e9tait d\u00e9clar\u00e9 vers 15h30, sur huit hectares, \u00e0 environ un kilom\u00e8tre des pistes.\u00a0<\/p>\n<p>Une soixantaine de pompiers mobilis\u00e9s<\/p>\n<p>Heureusement, les pompiers sont rapidement intervenus pour venir \u00e0 bout des flammes. Ils \u00e9taient une soixantaine \u00e0 se mobiliser.\u00a0<\/p>\n<p>Aucun bless\u00e9 n&rsquo;est \u00e0 d\u00e9plorer. Le trafic a\u00e9rien et la circulation routi\u00e8re n&rsquo;ont pas \u00e9t\u00e9 perturb\u00e9s.<\/p>\n<p><\/p>\n","protected":false},"excerpt":{"rendered":"Une fum\u00e9e \u00e9tait visible ce lundi 30 juin, \u00e0 proximit\u00e9 de l&rsquo;a\u00e9roport de Lyon-Saint-Exup\u00e9ry. Une \u00e9paisse fum\u00e9e noire&hellip;\n","protected":false},"author":2,"featured_media":216310,"comment_status":"","ping_status":"","sticky":false,"template":"","format":"standard","meta":{"footnotes":""},"categories":[1889],"tags":[33077,1111,11,2430,1777,674,1011,27,1310,2428,12,25,35566],"class_list":{"0":"post-216309","1":"post","2":"type-post","3":"status-publish","4":"format-standard","5":"has-post-thumbnail","7":"category-lyon","8":"tag-aroport","9":"tag-actu","10":"tag-actualites","11":"tag-auvergne-rhone-alpes","12":"tag-eu","13":"tag-europe","14":"tag-fr","15":"tag-france","16":"tag-incendie","17":"tag-lyon","18":"tag-news","19":"tag-republique-francaise","20":"tag-saint-exupry"},"share_on_mastodon":{"url":"","error":""},"_links":{"self":[{"href":"https:\/\/www.europesays.com\/fr\/wp-json\/wp\/v2\/posts\/216309","targetHints":{"allow":["GET"]}}],"collection":[{"href":"https:\/\/www.europesays.com\/fr\/wp-json\/wp\/v2\/posts"}],"about":[{"href":"https:\/\/www.europesays.com\/fr\/wp-json\/wp\/v2\/types\/post"}],"author":[{"embeddable":true,"href":"https:\/\/www.europesays.com\/fr\/wp-json\/wp\/v2\/users\/2"}],"replies":[{"embeddable":true,"href":"https:\/\/www.europesays.com\/fr\/wp-json\/wp\/v2\/comments?post=216309"}],"version-history":[{"count":0,"href":"https:\/\/www.europesays.com\/fr\/wp-json\/wp\/v2\/posts\/216309\/revisions"}],"wp:featuredmedia":[{"embeddable":true,"href":"https:\/\/www.europesays.com\/fr\/wp-json\/wp\/v2\/media\/216310"}],"wp:attachment":[{"href":"https:\/\/www.europesays.com\/fr\/wp-json\/wp\/v2\/media?parent=216309"}],"wp:term":[{"taxonomy":"category","embeddable":true,"href":"https:\/\/www.europesays.com\/fr\/wp-json\/wp\/v2\/categories?post=216309"},{"taxonomy":"post_tag","embeddable":true,"href":"https:\/\/www.europesays.com\/fr\/wp-json\/wp\/v2\/tags?post=216309"}],"curies":[{"name":"wp","href":"https:\/\/api.w.org\/{rel}","templated":true}]}}