{"id":216311,"date":"2025-06-30T18:31:09","date_gmt":"2025-06-30T18:31:09","guid":{"rendered":"https:\/\/www.europesays.com\/fr\/216311\/"},"modified":"2025-06-30T18:31:09","modified_gmt":"2025-06-30T18:31:09","slug":"des-restrictions-de-circulation-imposees-en-ile-de-france-pour-ce-mardi","status":"publish","type":"post","link":"https:\/\/www.europesays.com\/fr\/216311\/","title":{"rendered":"des restrictions de circulation impos\u00e9es en \u00cele-de-France pour ce mardi"},"content":{"rendered":"<p>        <img decoding=\"async\" loading=\"lazy\" src=\"https:\/\/www.europesays.com\/fr\/wp-content\/uploads\/2025\/06\/055bb16_upload-1-9wvvklzn86l6-000-gv5zl.jpg\"  width=\"728\" height=\"410\" alt=\"Chaleur, pollution et voitures ne font pas bon m\u00e9nage en pleine canicule \u00e0 Paris, ce lundi 30\u00a0juin 2025.\"\/>  <\/p>\n<p>PHILIPPE LOPEZ \/ AFP<\/p>\n<p>Chaleur, pollution et voitures ne font pas bon m\u00e9nage en pleine canicule \u00e0 Paris, ce lundi 30\u00a0juin 2025.<\/p>\n<p class=\"asset asset-text\">FRANCE &#8211; Des cons\u00e9quences concr\u00e8tes \u00e0 la <a href=\"https:\/\/www.huffingtonpost.fr\/france\/article\/vigilance-rouge-canicule-tout-ce-qu-implique-ce-niveau-d-alerte-maximale-declenche-dans-16-departements-ce-mardi_252016.html\" target=\"_blank\" rel=\"noopener\">vigilance rouge canicule<\/a>, d\u00e9ploy\u00e9e par M\u00e9t\u00e9o France pour ce mardi 1er\u00a0juillet<a href=\"https:\/\/www.huffingtonpost.fr\/france\/article\/meteo-16-departements-places-en-vigilance-rouge-canicule-mardi-1er-juillet-a-partir-de-midi_252013.html\" target=\"_blank\" rel=\"noopener\"> dans 16\u00a0d\u00e9partements dont toute l\u2019\u00cele-de-France<\/a>. Le pr\u00e9fet de police Laurent Nu\u00f1ez a annonc\u00e9 ce lundi 30\u00a0juin instaurer des restrictions de circulation pour ce mardi en \u00cele-de-France, touch\u00e9e par un \u00e9pisode de pollution persistant \u00e0 l\u2019ozone.<\/p>\n<p class=\"asset asset-text\">Entre 5\u00a0h\u00a030 et minuit, seuls les v\u00e9hicules les moins polluants, munis d\u2019une vignette Crit\u2019Air de classe 0, 1 et 2, seront autoris\u00e9s \u00e0 circuler \u00e0 l\u2019int\u00e9rieur du p\u00e9rim\u00e8tre d\u00e9limit\u00e9 par l\u2019autoroute A86, soit \u00e0 Paris et dans une partie des d\u00e9partements de petite couronne. L\u2019objectif est notamment de \u00ab\u00a0r\u00e9duire les \u00e9missions de polluants dans l\u2019atmosph\u00e8re\u00a0\u00bb, affirme le communiqu\u00e9.<\/p>\n<p class=\"asset asset-text\">En outre, comme pour ce lundi, les vitesses maximales autoris\u00e9es continuent d\u2019\u00eatre abaiss\u00e9es de 20\u00a0km\/h, indique la pr\u00e9fecture de police dans un communiqu\u00e9. Cela correspond donc \u00e0 une vitesse de 110\u00a0km\/h sur les portions d\u2019autoroutes normalement limit\u00e9es \u00e0 130\u00a0km\/h, ou 70\u00a0km\/h sur les routes nationales et d\u00e9partementales normalement limit\u00e9es \u00e0 80\u00a0ou 90\u00a0km\/h. Les poids lourds de plus de 3,5 tonnes, eux, doivent \u00e9galement contourner \u00ab\u00a0par la rocade francilienne\u00a0\u00bb.<\/p>\n<p>    39\u00a0\u00b0C attendus \u00e0 Paris    <\/p>\n<p class=\"asset asset-text\">\u00ab\u00a0Il est recommand\u00e9 de limiter, dans la mesure du possible, les d\u00e9placements en voiture, de privil\u00e9gier le t\u00e9l\u00e9travail et, en cas de n\u00e9cessit\u00e9, de pratiquer le covoiturage\u00a0\u00bb, rappelle \u00e9galement la pr\u00e9fecture.<\/p>\n<p class=\"asset asset-text\">La vigilance rouge canicule, qui touche l\u2019\u00cele-de-France pour la premi\u00e8re fois depuis ao\u00fbt\u00a02020, implique un degr\u00e9 de vigilance encore sup\u00e9rieur \u00e0 la vigilance orange. \u00ab\u00a0Le niveau de\u00a0vigilance\u00a0rouge\u00a0correspond \u00e0 une canicule extr\u00eame, exceptionnelle par sa dur\u00e9e, son intensit\u00e9, son extension g\u00e9ographique, et pr\u00e9sente un fort impact sanitaire pour l\u2019ensemble de la population et des impacts soci\u00e9taux (s\u00e9cheresse, approvisionnement en eau potable, am\u00e9nagement ou arr\u00eat de certaines activit\u00e9s, etc.)\u00a0\u00bb, explique M\u00e9t\u00e9o-France.<\/p>\n<p class=\"asset asset-text\">Les pr\u00e9fets des d\u00e9partements peuvent notamment interdire ou limiter l\u2019ampleur de certains \u00e9v\u00e9nements comme des manifestations sportives ou des festivals, ou diffuser des consignes aux cr\u00e8ches, aux centres de loisirs et aux organismes accueillant des s\u00e9jours de vacances pour annuler les sorties, les activit\u00e9s sportives et les \u00e9v\u00e9nements festifs.<\/p>\n<p class=\"asset asset-text\">Ce mardi sera la journ\u00e9e la plus chaude de cet \u00e9pisode caniculaire avec des minimales tr\u00e8s \u00e9lev\u00e9es, comprises entre 20 et 24\u00a0\u00b0C voire un peu plus tr\u00e8s localement, et des maximales atteignant 36 \u00e0 40\u00a0\u00b0C avec quelques pointes \u00e0 41\u00a0\u00b0C dans les d\u00e9partements en\u00a0vigilance\u00a0rouge. M\u00e9t\u00e9o France attend notamment 39\u00a0\u00b0C \u00e0 Paris dans l\u2019apr\u00e8s-midi, et 34\u00a0\u00b0C en soir\u00e9e.<\/p>\n","protected":false},"excerpt":{"rendered":"PHILIPPE LOPEZ \/ AFP Chaleur, pollution et voitures ne font pas bon m\u00e9nage en pleine canicule \u00e0 Paris,&hellip;\n","protected":false},"author":2,"featured_media":216312,"comment_status":"","ping_status":"","sticky":false,"template":"","format":"standard","meta":{"footnotes":""},"categories":[1592],"tags":[1111,11,6698,1777,674,1011,27,662,2487,12,626,25,15637,35567],"class_list":{"0":"post-216311","1":"post","2":"type-post","3":"status-publish","4":"format-standard","5":"has-post-thumbnail","7":"category-ile-de-france","8":"tag-actu","9":"tag-actualites","10":"tag-canicule","11":"tag-eu","12":"tag-europe","13":"tag-fr","14":"tag-france","15":"tag-ile-de-france","16":"tag-meteo","17":"tag-news","18":"tag-paris","19":"tag-republique-francaise","20":"tag-vague-de-chaleur","21":"tag-vigilance-rouge"},"share_on_mastodon":{"url":"https:\/\/pubeurope.com\/@fr\/114773746249025503","error":""},"_links":{"self":[{"href":"https:\/\/www.europesays.com\/fr\/wp-json\/wp\/v2\/posts\/216311","targetHints":{"allow":["GET"]}}],"collection":[{"href":"https:\/\/www.europesays.com\/fr\/wp-json\/wp\/v2\/posts"}],"about":[{"href":"https:\/\/www.europesays.com\/fr\/wp-json\/wp\/v2\/types\/post"}],"author":[{"embeddable":true,"href":"https:\/\/www.europesays.com\/fr\/wp-json\/wp\/v2\/users\/2"}],"replies":[{"embeddable":true,"href":"https:\/\/www.europesays.com\/fr\/wp-json\/wp\/v2\/comments?post=216311"}],"version-history":[{"count":0,"href":"https:\/\/www.europesays.com\/fr\/wp-json\/wp\/v2\/posts\/216311\/revisions"}],"wp:featuredmedia":[{"embeddable":true,"href":"https:\/\/www.europesays.com\/fr\/wp-json\/wp\/v2\/media\/216312"}],"wp:attachment":[{"href":"https:\/\/www.europesays.com\/fr\/wp-json\/wp\/v2\/media?parent=216311"}],"wp:term":[{"taxonomy":"category","embeddable":true,"href":"https:\/\/www.europesays.com\/fr\/wp-json\/wp\/v2\/categories?post=216311"},{"taxonomy":"post_tag","embeddable":true,"href":"https:\/\/www.europesays.com\/fr\/wp-json\/wp\/v2\/tags?post=216311"}],"curies":[{"name":"wp","href":"https:\/\/api.w.org\/{rel}","templated":true}]}}