{"id":216315,"date":"2025-06-30T18:33:08","date_gmt":"2025-06-30T18:33:08","guid":{"rendered":"https:\/\/www.europesays.com\/fr\/216315\/"},"modified":"2025-06-30T18:33:08","modified_gmt":"2025-06-30T18:33:08","slug":"la-pollution-toujours-elevee-la-circulation-differenciee-declenchee","status":"publish","type":"post","link":"https:\/\/www.europesays.com\/fr\/216315\/","title":{"rendered":"la pollution toujours \u00e9lev\u00e9e, la circulation diff\u00e9renci\u00e9e d\u00e9clench\u00e9e"},"content":{"rendered":"<p>            Par<br \/>\n        <strong><br \/>\n            <a href=\"https:\/\/actu.fr\/auteur\/dorinegoth\" title=\"Consulter tous les articles de Dorine Goth\" target=\"_blank\" rel=\"noopener\">Dorine Goth<\/a><br \/>\n        <\/strong><\/p>\n<p>        Publi\u00e9 le<\/p>\n<p>            30 juin 2025 \u00e0 19h40        <\/p>\n<p>L\u2019\u00cele-de-France suffoque. Alors que la <strong><a href=\"https:\/\/actu.fr\/ile-de-france\/paris_75056\/ressenti-44-c-meteo-france-declenche-la-vigilance-rouge-canicule-a-paris-et-en-petite-couronne_62846076.html\" target=\"_blank\" rel=\"noopener\">vigilance rouge canicule<\/a><\/strong> a \u00e9t\u00e9 d\u00e9clench\u00e9e pour la journ\u00e9e de mardi 1er\u00a0juillet 2025, le pr\u00e9fet de police, <a href=\"https:\/\/actu.fr\/tag\/laurent-nunez\" target=\"_blank\" rel=\"noopener\">Laurent Nu\u00f1ez<\/a> a d\u00e9cid\u00e9 d\u2019ajouter de nouvelles <strong>restrictions de circulation.<\/strong> En cause\u2009: un <strong>\u00e9pisode de <a href=\"https:\/\/actu.fr\/societe\/pollution-de-l-air-l-ozone-responsable-de-115-000-deces-en-europe-entre-2015-et-2017_61158854.html\" target=\"_blank\" rel=\"noopener\">pollution \u00e0 l\u2019ozone<\/a> <\/strong>qui peine \u00e0 se dissiper au milieu de la <strong><a href=\"https:\/\/actu.fr\/meteo\/un-souffle-d-air-brulant-jusqu-a-quand-va-durer-cette-vague-de-chaleur-caniculaire_62841809.html\" target=\"_blank\" rel=\"noopener\">vague de chaleur caniculaire<\/a>.<\/strong> \u00ab\u2009Cet \u00e9pisode de pollution, qui dure depuis le lundi 30\u00a0juin 2025, est un \u00e9pisode\u2009\u00bb persistant \u00ab, qui peut constituer un risque pour la sant\u00e9\u2009\u00bb, expose la pr\u00e9fecture de police dans un communiqu\u00e9.<\/p>\n<p>Crit\u2019Air 0 \u00e0 2 autoris\u00e9s<\/p>\n<p class=\" wall-content\">Mardi 1er\u00a0juillet, la circulation diff\u00e9renci\u00e9e sera mise en place dans un <strong>p\u00e9rim\u00e8tre d\u00e9limit\u00e9 par <a href=\"https:\/\/actu.fr\/societe\/nouvelle-fermeture-du-duplex-a86-tout-ce-que-vous-devez-savoir-pour-ne-pas-etre-piege-sur-les-routes_62761980.html\" target=\"_blank\" rel=\"noopener\">l\u2019A86<\/a>.<\/strong> Seuls les v\u00e9hicules munis d\u2019une <a href=\"https:\/\/actu.fr\/societe\/vignette-crit-air-norme-europeenne-zfe-tout-savoir-sur-la-classification-de-sa-voiture_60675837.html\" target=\"_blank\" rel=\"noopener\">vignette<strong> Crit\u2019Air 0, 1 et 2<\/strong><\/a> seront autoris\u00e9s \u00e0 circuler. Les autres (sauf d\u00e9rogations), devront rester au garage. \u00ab\u00a0Il est recommand\u00e9 de limiter, dans la mesure du possible, les d\u00e9placements en voiture, de privil\u00e9gier le<br \/>t\u00e9l\u00e9travail et, en cas de n\u00e9cessit\u00e9, de pratiquer le covoiturage\u00a0\u00bb, indique la pr\u00e9fecture.<\/p>\n<p class=\" wall-content\">Sur les routes, la vitesse autoris\u00e9e sera r\u00e9duite. Les autoroutes seront limit\u00e9es \u00e0 <strong>110\u00a0km\/h<\/strong> et \u00e0 90\u00a0km\/h sur les portions habituellement limit\u00e9es \u00e0 100\u00a0km\/h. Sur les autres voies rapides, la vitesse devra \u00eatre r\u00e9duite \u00e0 70\u00a0km\/h. Les v\u00e9hicules en <strong>transit de plus de 3,5 tonnes<\/strong> devront <strong>contourner la r\u00e9gion<\/strong> par la rocade francilienne. \u00ab\u2009La pr\u00e9fecture de Police mettra en place des contr\u00f4les destin\u00e9s \u00e0 s\u2019assurer du respect de ces mesures\u2009\u00bb, pr\u00e9vient la pr\u00e9fecture.\u00a0Par ailleurs, elle interdit les \u00ab\u2009op\u00e9rations de br\u00fblage \u00e0 l\u2019air libre\u2009\u00bb.<\/p>\n<p class=\" wall-content\">Suivez toute l\u2019actualit\u00e9 de vos villes et m\u00e9dias favoris en vous inscrivant \u00e0 <a href=\"https:\/\/moncompte.actu.fr\" title=\"D\u00e9couvez Mon Actu\" rel=\"nofollow noopener\" data-trk=\"{&quot;cta&quot;:{&quot;action&quot;:&quot;https:\\\/\\\/moncompte.actu.fr&quot;,&quot;category&quot;:&quot;mon compte&quot;,&quot;from&quot;:&quot;article footer&quot;,&quot;name&quot;:&quot;Mon actu&quot;,&quot;type&quot;:&quot;cta&quot;}}\" target=\"_blank\">Mon Actu<\/a>.<\/p>\n","protected":false},"excerpt":{"rendered":"Par Dorine Goth Publi\u00e9 le 30 juin 2025 \u00e0 19h40 L\u2019\u00cele-de-France suffoque. Alors que la vigilance rouge canicule&hellip;\n","protected":false},"author":2,"featured_media":216316,"comment_status":"","ping_status":"","sticky":false,"template":"","format":"standard","meta":{"footnotes":""},"categories":[1888],"tags":[1111,1928,11,1927,3542,1777,674,1011,27,12,1926,626,1925,1800,25,104],"class_list":{"0":"post-216315","1":"post","2":"type-post","3":"status-publish","4":"format-standard","5":"has-post-thumbnail","7":"category-paris","8":"tag-actu","9":"tag-actu-paris","10":"tag-actualites","11":"tag-actualites-paris","12":"tag-circulation","13":"tag-eu","14":"tag-europe","15":"tag-fr","16":"tag-france","17":"tag-news","18":"tag-news-paris","19":"tag-paris","20":"tag-paris-news","21":"tag-pollution","22":"tag-republique-francaise","23":"tag-societe"},"share_on_mastodon":{"url":"https:\/\/pubeurope.com\/@fr\/114773754075540600","error":""},"_links":{"self":[{"href":"https:\/\/www.europesays.com\/fr\/wp-json\/wp\/v2\/posts\/216315","targetHints":{"allow":["GET"]}}],"collection":[{"href":"https:\/\/www.europesays.com\/fr\/wp-json\/wp\/v2\/posts"}],"about":[{"href":"https:\/\/www.europesays.com\/fr\/wp-json\/wp\/v2\/types\/post"}],"author":[{"embeddable":true,"href":"https:\/\/www.europesays.com\/fr\/wp-json\/wp\/v2\/users\/2"}],"replies":[{"embeddable":true,"href":"https:\/\/www.europesays.com\/fr\/wp-json\/wp\/v2\/comments?post=216315"}],"version-history":[{"count":0,"href":"https:\/\/www.europesays.com\/fr\/wp-json\/wp\/v2\/posts\/216315\/revisions"}],"wp:featuredmedia":[{"embeddable":true,"href":"https:\/\/www.europesays.com\/fr\/wp-json\/wp\/v2\/media\/216316"}],"wp:attachment":[{"href":"https:\/\/www.europesays.com\/fr\/wp-json\/wp\/v2\/media?parent=216315"}],"wp:term":[{"taxonomy":"category","embeddable":true,"href":"https:\/\/www.europesays.com\/fr\/wp-json\/wp\/v2\/categories?post=216315"},{"taxonomy":"post_tag","embeddable":true,"href":"https:\/\/www.europesays.com\/fr\/wp-json\/wp\/v2\/tags?post=216315"}],"curies":[{"name":"wp","href":"https:\/\/api.w.org\/{rel}","templated":true}]}}