{"id":216317,"date":"2025-06-30T18:34:12","date_gmt":"2025-06-30T18:34:12","guid":{"rendered":"https:\/\/www.europesays.com\/fr\/216317\/"},"modified":"2025-06-30T18:34:12","modified_gmt":"2025-06-30T18:34:12","slug":"paris-ambiance-maussade-tandis-que-wall-street-grimpe-30-06-2025-a-1752","status":"publish","type":"post","link":"https:\/\/www.europesays.com\/fr\/216317\/","title":{"rendered":"Paris: ambiance maussade tandis que Wall Street grimpe &#8211; 30\/06\/2025 \u00e0 17:52"},"content":{"rendered":"<p>                                                                (CercleFinance.com) &#8211; La Bourse de Paris ach\u00e8ve cette derni\u00e8re s\u00e9ance du 1er semestre sur un repli de 0,33%, \u00e0 7665 points, p\u00e9nalis\u00e9e par le secteur auto avec -3,4% pour Stellantis et -2,4% pour Renault.<\/p>\n<p>L&rsquo;indice parisien fait fi de la dynamique positive outre-Atlantique, o\u00f9  Wall Street signe un  floril\u00e8ge de nouveaux records absolus.\n<\/p>\n<p>Le march\u00e9 parisien conclut ainsi le 2\u00e8me trimestre par une performance quasi nulle et n&rsquo;affiche qu&rsquo;un gain symbolique de +4% depuis le 1er janvier, quand le DAX s&rsquo;est envol\u00e9 de plus de 20% sur les six premiers mois de l&rsquo;ann\u00e9e.\n<\/p>\n<p>Avec un nouveau record ce lundi \u00e0 6.195, le S&amp;P 500 de la Bourse de New York, s&rsquo;adjuge pr\u00e8s de 5% cette ann\u00e9e (+10% au 2\u00e8me trimestre) en d\u00e9pit des incertitudes persistantes sur les questions commerciales. Le Nasdaq explose de +17% d&rsquo;avril \u00e0 fin juin, le Nasdaq-100 bat un nouveau record absolu \u00e0 22.630, le Dow Jones renoue avec les 44.000.\n<\/p>\n<p>La sous-performance du CAC40 est attribu\u00e9e \u00e0 la situation politique fran\u00e7aise, qui ne s&rsquo;est gu\u00e8re am\u00e9lior\u00e9e un peu plus d&rsquo;un an apr\u00e8s le choc des l\u00e9gislatives anticip\u00e9es.\n<\/p>\n<p>Si Barclays consid\u00e8re que les tensions politiques ne constituent pas forc\u00e9ment la cause premi\u00e8re de ce retard, la banque n&rsquo;en reste pas moins prudente face aux turbulences qui pourraient encore survenir.\n<\/p>\n<p>&lsquo;Le CAC a sous-perform\u00e9, mais c&rsquo;est largement d\u00fb \u00e0 la faiblesse de ses titres les plus tourn\u00e9s vers l&rsquo;export, comme les valeurs li\u00e9es au luxe&rsquo;, explique Emmanuel Cau, le strat\u00e9giste de l&rsquo;\u00e9tablissement britannique.\n<\/p>\n<p>&lsquo;Cela laisse penser que les inqui\u00e9tudes sur les droits de douane et la Chine ont eu un impact plus s\u00e9v\u00e8re que le risque politique&rsquo;, ajoute-t-il.\n<\/p>\n<p>&lsquo;De fait, les actions domestiques, telles que les petites capitalisations et les banques, ont elles fortement progress\u00e9&rsquo;, rappelle le strat\u00e8ge de Barclays.\n<\/p>\n<p>Certes, l&rsquo;analyste n&rsquo;anticipe pas de regain de stress comparable \u00e0 l&rsquo;\u00e9t\u00e9 dernier, dans la mesure o\u00f9 il lui semble peu probable que le pr\u00e9sident Macron convoque des \u00e9lections l\u00e9gislatives anticip\u00e9e.\n<\/p>\n<p>Mais Barclays juge cependant &lsquo;que la faiblesse de l&rsquo;activit\u00e9 \u00e9conomique, bien illustr\u00e9e dans les mauvais PMI du mois de juin, et des n\u00e9gociations budg\u00e9taires qui s&rsquo;annoncent difficiles justifient une prime de risque plus \u00e9lev\u00e9e pour les march\u00e9s fran\u00e7ais&rsquo;.\n<\/p>\n<p>La semaine qui s&rsquo;ouvre sera justement l&rsquo;occasion de faire le point sur la sant\u00e9 de l&rsquo;\u00e9conomie, avec la publication demain des indices PMI manufacturiers en Europe puis celle, jeudi, des PMI pour le secteur des services.\n<\/p>\n<p>Les investisseurs viennent de prendre connaissance des chiffres pr\u00e9liminaire de l&rsquo;inflation en Allemagne : l&rsquo;IPC s&rsquo;\u00e9tablit \u00e0 +2% en juin, selon l&rsquo;estimation pr\u00e9liminaire de Destatis.\n<\/p>\n<p>Ce taux d&rsquo;inflation annuel s&rsquo;inscrirait ainsi en baisse de 0,1 point par rapport \u00e0 celui observ\u00e9 en mai, de m\u00eame que celui hors alimentation et \u00e9nergie (souvent appel\u00e9 inflation sous-jacente), qui ressortirait ainsi \u00e0 +2,7% pour le mois qui s&rsquo;ach\u00e8ve.\n<\/p>\n<p>Destatis pr\u00e9cise aussi que ce ralentissement de la hausse des prix \u00e0 la consommation allemands concerne aussi bien les services (pass\u00e9s de +3,4% en mai \u00e0 +3,3% en juin) que les biens (pass\u00e9s de +0,9% en mai \u00e0 +0,8%).\n<\/p>\n<p>D&rsquo;autres indicateurs importants suivront, comme l&rsquo;indice des prix \u00e0 la consommation en zone euro demain, mais le point d&rsquo;orgue de la semaine sera la statistique de l&#8217;emploi am\u00e9ricain, qui para\u00eetra exceptionnellement jeudi puisque Wall Street sera ferm\u00e9e vendredi pour la f\u00eate nationale d&rsquo;Independence Day.\n<\/p>\n<p>Les \u00e9conomistes tablent en moyenne sur 121.000 cr\u00e9ations d&#8217;emploi en juin apr\u00e8s les 139.000 annonc\u00e9es du mois de mai, t\u00e9moignant du ralentissement actuel de l&rsquo;\u00e9conomie des Etats-Unis.\n<\/p>\n<p>Des chiffres rassurants, c&rsquo;est-\u00e0-dire allant dans le sens de prochaines baisses de taux de la Fed, pourraient permettre d&rsquo;entretenir l&rsquo;\u00e9lan haussier des march\u00e9s d&rsquo;actions am\u00e9ricains, qui ont inscrit de nouveaux plus hauts historiques vendredi.\n<\/p>\n<p>Sur le compartiment obligataire, les US T-Bonds \u00e0 10 ans \u00e9volue autour des 4,267% (+1Pt). Le Bund de m\u00eame \u00e9ch\u00e9ance est inchang\u00e9 \u00e0 2,597% ainsi que l&rsquo;OAT \u00e0 3,273% : l&rsquo;IPC allemand \u00e9tait d\u00e9j\u00e0 &lsquo;dans les cours&rsquo;.\n<\/p>\n<p>Le Dollar, bien que nettement mieux r\u00e9mun\u00e9r\u00e9 que l&rsquo;Euro continue de perdre du terrain : -0,25% face \u00e0 l&rsquo;Euro qui grimpe vers 1,1730$ le &lsquo;$-Index&rsquo; (-0,3%) retombe vers ses planchers \u00e0 97,05.\n<\/p>\n<p>Dans l&rsquo;actualit\u00e9 des soci\u00e9t\u00e9s fran\u00e7aises, Carmat indique effectuer une d\u00e9claration de cessation des paiements, solliciter l&rsquo;ouverture d&rsquo;une proc\u00e9dure de redressement judiciaire aupr\u00e8s du Tribunal des Affaires Economiques de Versailles, et faire suspendre sa cotation \u00e0 l&rsquo;ouverture ce lundi.\n<\/p>\n<p>AlphaValue d\u00e9grade l\u00e9g\u00e8rement sa note sur le titre Michelin, passant de &lsquo;achat&rsquo; \u00e0 &lsquo;accumuler&rsquo;, avec un objectif de cours \u00e0 6 mois de 39,1 euros.\n<\/p>\n<p>Orange fait part de la cr\u00e9ation d&rsquo;une nouvelle direction au service de la d\u00e9fense et de la s\u00e9curit\u00e9 civile et int\u00e9rieure, venant concr\u00e9tiser le repositionnement de l&rsquo;op\u00e9rateur t\u00e9l\u00e9coms sur des verticales strat\u00e9giques \u00e0 fort enjeu de souverainet\u00e9.\n<\/p>\n<p>Thales annonce que sa coentreprise Thales Alenia Space (67% Thales, 33% Leonardo) a \u00e9t\u00e9 s\u00e9lectionn\u00e9e par le CNES dans le cadre du programme France 2030 pour d\u00e9velopper un service de communications laser \u00e0 tr\u00e8s haut d\u00e9bit, d\u00e9nomm\u00e9 SOLiS (Service Optique de Liaisons spatiales S\u00e9curis\u00e9es).\n<\/p>\n<p>Enfin, Bastide le Confort M\u00e9dical annonce avoir sign\u00e9 un accord portant sur la cession de sa filiale Baywater Healthcare UK Limited, leader sur le march\u00e9 de l&rsquo;assistance respiratoire au Royaume-Uni, \u00e0 Sapio Group, sans pr\u00e9ciser les termes de cette transaction.<\/p>\n","protected":false},"excerpt":{"rendered":"(CercleFinance.com) &#8211; La Bourse de Paris ach\u00e8ve cette derni\u00e8re s\u00e9ance du 1er semestre sur un repli de 0,33%,&hellip;\n","protected":false},"author":2,"featured_media":2554,"comment_status":"","ping_status":"","sticky":false,"template":"","format":"standard","meta":{"footnotes":""},"categories":[1888],"tags":[400,1111,1928,11,1927,398,408,405,1777,674,1011,27,403,402,399,404,12,1926,626,1925,25,401,406,407],"class_list":{"0":"post-216317","1":"post","2":"type-post","3":"status-publish","4":"format-standard","5":"has-post-thumbnail","7":"category-paris","8":"tag-action-cac-40","9":"tag-actu","10":"tag-actu-paris","11":"tag-actualites","12":"tag-actualites-paris","13":"tag-bourse-de-paris","14":"tag-boursorama","15":"tag-cotations","16":"tag-eu","17":"tag-europe","18":"tag-fr","19":"tag-france","20":"tag-indices-devises","21":"tag-investir","22":"tag-investissement","23":"tag-marche-boursier","24":"tag-news","25":"tag-news-paris","26":"tag-paris","27":"tag-paris-news","28":"tag-republique-francaise","29":"tag-sicav","30":"tag-trackers","31":"tag-warrants"},"share_on_mastodon":{"url":"https:\/\/pubeurope.com\/@fr\/114773758813450118","error":""},"_links":{"self":[{"href":"https:\/\/www.europesays.com\/fr\/wp-json\/wp\/v2\/posts\/216317","targetHints":{"allow":["GET"]}}],"collection":[{"href":"https:\/\/www.europesays.com\/fr\/wp-json\/wp\/v2\/posts"}],"about":[{"href":"https:\/\/www.europesays.com\/fr\/wp-json\/wp\/v2\/types\/post"}],"author":[{"embeddable":true,"href":"https:\/\/www.europesays.com\/fr\/wp-json\/wp\/v2\/users\/2"}],"replies":[{"embeddable":true,"href":"https:\/\/www.europesays.com\/fr\/wp-json\/wp\/v2\/comments?post=216317"}],"version-history":[{"count":0,"href":"https:\/\/www.europesays.com\/fr\/wp-json\/wp\/v2\/posts\/216317\/revisions"}],"wp:featuredmedia":[{"embeddable":true,"href":"https:\/\/www.europesays.com\/fr\/wp-json\/wp\/v2\/media\/2554"}],"wp:attachment":[{"href":"https:\/\/www.europesays.com\/fr\/wp-json\/wp\/v2\/media?parent=216317"}],"wp:term":[{"taxonomy":"category","embeddable":true,"href":"https:\/\/www.europesays.com\/fr\/wp-json\/wp\/v2\/categories?post=216317"},{"taxonomy":"post_tag","embeddable":true,"href":"https:\/\/www.europesays.com\/fr\/wp-json\/wp\/v2\/tags?post=216317"}],"curies":[{"name":"wp","href":"https:\/\/api.w.org\/{rel}","templated":true}]}}