{"id":216330,"date":"2025-06-30T18:41:09","date_gmt":"2025-06-30T18:41:09","guid":{"rendered":"https:\/\/www.europesays.com\/fr\/216330\/"},"modified":"2025-06-30T18:41:09","modified_gmt":"2025-06-30T18:41:09","slug":"lallemagne-se-fache-la-russie-sinquiete-pour-ses-bebes","status":"publish","type":"post","link":"https:\/\/www.europesays.com\/fr\/216330\/","title":{"rendered":"L\u2019Allemagne se f\u00e2che, la Russie s\u2019inqui\u00e8te pour ses b\u00e9b\u00e9s"},"content":{"rendered":"<p>Vous avez rat\u00e9 les derniers \u00e9v\u00e9nements sur la <a href=\"https:\/\/www.20minutes.fr\/monde\/ukraine\/\" class=\"color-ultramarine c-link\" rel=\"nofollow noopener\" target=\"_blank\">guerre en Ukraine<\/a>\u00a0? 20 Minutes fait le point pour vous tous les soirs. Voici l\u2019essentiel de ce lundi 30\u00a0juin 2025, 1.223e jour du conflit.<\/p>\n<p>Le fait du jour<\/p>\n<p>Le ton monte. Le chef de la diplomatie allemande, Johann Wadephul, a accus\u00e9 lundi le pr\u00e9sident russe <a href=\"https:\/\/www.20minutes.fr\/monde\/vladimir_poutine\/\" class=\"color-ultramarine c-link\" rel=\"nofollow noopener\" target=\"_blank\">Vladimir Poutine<\/a> de vouloir imposer la \u00ab\u00a0capitulation\u00a0\u00bb de l\u2019Ukraine sans aucune v\u00e9ritable volont\u00e9 de n\u00e9gocier, apr\u00e8s son arriv\u00e9e \u00e0 Kiev pour une visite inopin\u00e9e.<\/p>\n<p>Si l\u2019Ukraine est pr\u00eate \u00e0 de v\u00e9ritables n\u00e9gociations avec Moscou, \u00ab\u00a0Poutine, lui, ne c\u00e8de sur aucune de ses exigences maximalistes\u00a0: il ne veut pas de n\u00e9gociations, mais une capitulation\u00a0\u00bb, assure Johann Wadephul. Mais nous resterons de mani\u00e8re \u00ab\u00a0in\u00e9branlable\u00a0\u00bb aux c\u00f4t\u00e9s de l\u2019Ukraine pour sa d\u00e9fense, notamment via une d\u00e9fense a\u00e9rienne moderne et \u00ab\u00a0d\u2019autres armes\u00a0\u00bb \u00e0 c\u00f4t\u00e9 des aides humanitaire et \u00e9conomique, a assur\u00e9 le ministre.<\/p>\n<p>\u00ab\u00a0La libert\u00e9 et l\u2019avenir de l\u2019Ukraine sont la t\u00e2che la plus importante de notre politique \u00e9trang\u00e8re et de s\u00e9curit\u00e9\u00a0\u00bb en <a href=\"https:\/\/www.20minutes.fr\/dossier\/europe\" class=\"color-ultramarine c-link\" rel=\"nofollow noopener\" target=\"_blank\">Europe<\/a>, a \u00e9galement affirm\u00e9 le ministre dans le communiqu\u00e9.<\/p>\n<p>Sa visite intervient au moment o\u00f9 la Russie intensifie ses attaques de drones et de missiles sur l\u2019Ukraine et alors que les pourparlers de paix initi\u00e9s par les <a href=\"https:\/\/www.20minutes.fr\/monde\/etats-unis\/\" class=\"color-ultramarine c-link\" rel=\"nofollow noopener\" target=\"_blank\">Etats-Unis<\/a> pour mettre fin au conflit de trois ans sont au point mort.<\/p>\n<p>La d\u00e9claration du jour<\/p>\n<blockquote class=\"mx-m@xs mx-xxl@md color-ultramarine c-citation\">\n<p class=\"font-weight-regular@xs text-italic font-source-serif-pro text-l@xs c-citation__content\">\u00ab\u00a0Les conditions de d\u00e9tention sont inhumaines, il manque les besoins de base\u00a0: la nourriture, l\u2019eau et les toilettes\u00a0\u00bb<\/p>\n<\/blockquote>\n<p>Les paroles sont sign\u00e9es Maria Belkina, responsable de <a href=\"https:\/\/volunteerstbilisi.com\/\" rel=\"nofollow noopener\" target=\"_blank\" class=\"color-ultramarine c-link\">\u00ab\u00a0Volunteers Tbilisi\u00a0\u00bb<\/a>. Cette association g\u00e9orgienne sp\u00e9cialis\u00e9e dans l\u2019aide aux r\u00e9fugi\u00e9s venant d\u2019Ukraine a accus\u00e9 ce lundi les gardes-fronti\u00e8res en G\u00e9orgie de d\u00e9tenir \u00ab\u00a0dans des conditions inhumaines\u00a0\u00bb, \u00ab\u00a0dans une cave\u00a0\u00bb, des dizaines d\u2019Ukrainiens expuls\u00e9s de Russie attendant d\u2019\u00eatre autoris\u00e9s \u00e0 entrer dans ce pays du Caucase.<\/p>\n<p>La plupart seraient des ex-d\u00e9tenus ayant purg\u00e9 leurs peines et conduits ensuite par la Russie \u00e0 sa fronti\u00e8re avec la G\u00e9orgie. Au moins 56 d\u2019entre eux, apr\u00e8s l\u2019avoir franchie, ont \u00e9t\u00e9 transf\u00e9r\u00e9s pr\u00e8s du point de passage de Dariali, dans l\u2019attente de l\u2019obtention d\u2019une autorisation d\u2019entrer en G\u00e9orgie, affirme cette ONG.<\/p>\n<p>Selon Maria Belkina, au moins 17 personnes sur 56 ont pu quitter la G\u00e9orgie pour la Moldavie, par avion. Mais elle affirme que ces d\u00e9parts du pays sont forc\u00e9s. Parmi les Ukrainiens d\u00e9tenus, beaucoup ont d\u00e9j\u00e0 pass\u00e9 des mois dans des centres de d\u00e9tention en Russie apr\u00e8s avoir \u00e9t\u00e9 lib\u00e9r\u00e9s de prison et \u00e9taient sous pression des autorit\u00e9s pour s\u2019engager dans l\u2019arm\u00e9e russe.<\/p>\n<\/p>\n<p>Le chiffre du jour<\/p>\n<p>1,18\u00a0million. C\u2019est le nombre exceptionnellement faible de naissances attendues par la Russie cette ann\u00e9e. Alors pour doper la natalit\u00e9 des Russes, au plus bas, en pleine offensive de l\u2019arm\u00e9e en Ukraine, le Kremlin promeut les \u00ab\u00a0valeurs traditionnelles\u00a0\u00bb.<\/p>\n<p>Pour Vladimir Poutine, l\u2019hiver d\u00e9mographique est une affaire d\u2019\u00c9tat. Fin d\u00e9cembre, le pr\u00e9sident russe alertait sur une \u00ab\u00a0extinction \u00bb des Russes si la courbe ne s\u2019inversait pas.<\/p>\n<p>Car avec 1,22\u00a0million de naissances en\u00a02024 et donc moins de 1,2\u00a0million cette ann\u00e9e, il s\u2019agit d&rsquo; \u00ab\u00a0un anti-record pour la Russie depuis 225 ans\u00a0\u00bb, alerte Alexe\u00ef Rakcha, un d\u00e9mographe ind\u00e9pendant que Moscou classe d\u00e9sormais comme \u00ab\u00a0agent de l\u2019\u00e9tranger\u00a0\u00bb.<\/p>\n<p>Pourtant, avec officiellement 1,41 enfant par femme en \u00e2ge de procr\u00e9er en\u00a02023, contre 1,38 pour la moyenne europ\u00e9enne, hors immigration, \u00ab\u00a0la Russie diff\u00e8re peu de la plupart des pays d\u00e9velopp\u00e9s o\u00f9 la natalit\u00e9 est en berne\u00a0\u00bb, explique Alexe\u00ef Rakcha. Des indices loin du taux de 2,1 n\u00e9cessaire pour assurer le renouvellement des g\u00e9n\u00e9rations.<\/p>\n<p>La tendance<\/p>\n<p>L\u2019Union europ\u00e9enne a annonc\u00e9 lundi avoir trouv\u00e9 un \u00ab\u00a0accord de principe\u00a0\u00bb avec l\u2019Ukraine en mati\u00e8re de libre-\u00e9change, notamment sur le volet sensible des importations agricoles. C\u2019est un accord \u00ab\u00a0\u00e9quilibr\u00e9, juste et r\u00e9aliste\u00a0\u00bb, assure le commissaire europ\u00e9en en charge du commerce Maros Sefcovic, qui a insist\u00e9 sur les quotas pour les \u00ab\u00a0produits sensibles comme les oeufs, le sucre et le bl\u00e9\u00a0\u00bb.<\/p>\n<p>Afin de soutenir l\u2019Ukraine face \u00e0 l\u2019invasion russe, l\u2019Union europ\u00e9enne avait instaur\u00e9 depuis\u00a02022 et jusqu\u2019au 5\u00a0juin dernier une exemption de droits de douane sur des produits agricoles ukrainiens. Mais les agriculteurs europ\u00e9ens d\u00e9non\u00e7aient r\u00e9guli\u00e8rement une \u00ab\u00a0concurrence d\u00e9loyale\u00a0\u00bb de l\u2019Ukraine, g\u00e9ant agricole, et demandaient de revenir aux quotas en vigueur avant la guerre, dans un accord de\u00a02016.<\/p>\n<p>Bruxelles estime avoir trouv\u00e9 un \u00e9quilibre, gr\u00e2ce au compromis scell\u00e9 avec Kiev durant le week-end. Globalement, \u00ab\u00a0l\u2019UE ouvrira davantage son march\u00e9 aux produits ukrainiens qu\u2019avant la guerre, tout en tenant [\u2026] compte des sensibilit\u00e9s de certains secteurs agroalimentaires\u00a0\u00bb, explique la Commission.<\/p>\n<p>Pour rassurer la profession agricole, l\u2019UE promet des quotas sur les produits tels que le bl\u00e9, le ma\u00efs, le sucre, le miel, la volaille et les oeufs, tandis que d\u2019autres produits seront enti\u00e8rement lib\u00e9ralis\u00e9s comme le jus de raisin ou le lait ferment\u00e9.<\/p>\n","protected":false},"excerpt":{"rendered":"Vous avez rat\u00e9 les derniers \u00e9v\u00e9nements sur la guerre en Ukraine\u00a0? 20 Minutes fait le point pour vous&hellip;\n","protected":false},"author":2,"featured_media":216331,"comment_status":"","ping_status":"","sticky":false,"template":"","format":"standard","meta":{"footnotes":""},"categories":[1587],"tags":[47,11,672,1804,1805,1803,1777,674,12337,1801,131,4998,74,1916,12,1802,132,135,134],"class_list":{"0":"post-216330","1":"post","2":"type-post","3":"status-publish","4":"format-standard","5":"has-post-thumbnail","7":"category-allemagne","8":"tag-actualite","9":"tag-actualites","10":"tag-allemagne","11":"tag-bundesrepublik-deutschland","12":"tag-de","13":"tag-deutschland","14":"tag-eu","15":"tag-europe","16":"tag-georgie","17":"tag-germany","18":"tag-guerre-en-ukraine","19":"tag-kremlin","20":"tag-monde","21":"tag-moscou","22":"tag-news","23":"tag-republique-federale-dallemagne","24":"tag-russie","25":"tag-vladimir-poutine","26":"tag-volodymyr-zelensky"},"share_on_mastodon":{"url":"https:\/\/pubeurope.com\/@fr\/114773786178987914","error":""},"_links":{"self":[{"href":"https:\/\/www.europesays.com\/fr\/wp-json\/wp\/v2\/posts\/216330","targetHints":{"allow":["GET"]}}],"collection":[{"href":"https:\/\/www.europesays.com\/fr\/wp-json\/wp\/v2\/posts"}],"about":[{"href":"https:\/\/www.europesays.com\/fr\/wp-json\/wp\/v2\/types\/post"}],"author":[{"embeddable":true,"href":"https:\/\/www.europesays.com\/fr\/wp-json\/wp\/v2\/users\/2"}],"replies":[{"embeddable":true,"href":"https:\/\/www.europesays.com\/fr\/wp-json\/wp\/v2\/comments?post=216330"}],"version-history":[{"count":0,"href":"https:\/\/www.europesays.com\/fr\/wp-json\/wp\/v2\/posts\/216330\/revisions"}],"wp:featuredmedia":[{"embeddable":true,"href":"https:\/\/www.europesays.com\/fr\/wp-json\/wp\/v2\/media\/216331"}],"wp:attachment":[{"href":"https:\/\/www.europesays.com\/fr\/wp-json\/wp\/v2\/media?parent=216330"}],"wp:term":[{"taxonomy":"category","embeddable":true,"href":"https:\/\/www.europesays.com\/fr\/wp-json\/wp\/v2\/categories?post=216330"},{"taxonomy":"post_tag","embeddable":true,"href":"https:\/\/www.europesays.com\/fr\/wp-json\/wp\/v2\/tags?post=216330"}],"curies":[{"name":"wp","href":"https:\/\/api.w.org\/{rel}","templated":true}]}}