{"id":216332,"date":"2025-06-30T18:42:16","date_gmt":"2025-06-30T18:42:16","guid":{"rendered":"https:\/\/www.europesays.com\/fr\/216332\/"},"modified":"2025-06-30T18:42:16","modified_gmt":"2025-06-30T18:42:16","slug":"les-etudiants-serbes-manifestent-depuis-sept-mois-mais-leurope-sen-fout","status":"publish","type":"post","link":"https:\/\/www.europesays.com\/fr\/216332\/","title":{"rendered":"\u201cLes \u00e9tudiants serbes manifestent depuis sept mois, mais l\u2019Europe s\u2019en fout\u00a0!\u201d"},"content":{"rendered":"<p class=\"latino-300r text-grey-600\">\n      Publi\u00e9 le<\/p>\n<p>    30 juin 2025 \u00e0 16h48<\/p>\n<p>    Lire\u00a0plus\u00a0tard  <\/p>\n<p><a aria-label=\"Nous suivre sur Google News\" href=\"https:\/\/news.google.com\/publications\/CAAqBwgKMJe4nQkw3dFs?hl=fr&amp;gl=FR&amp;ceid=FR%3Afr\" target=\"_blank\" data-piano=\"Page_Article,Sous_date_publi,Nous_suivre_sur_google_news,1er_clic,action\" class=\"btn btn--small btn--tertiary btn--icon-only\" rel=\"noopener\"><\/p>\n<p>      Google Actualit\u00e9s<br \/>\n  <\/a><\/p>\n<p>  Partager<\/p>\n<p>        Facebook<\/p>\n<p>        Bluesky<\/p>\n<p>        E-mail<\/p>\n<p>        Copier le lien<\/p>\n<p>      Envoyer<\/p>\n<p>  S\u2019abonner<\/p>\n<p>    Temps de lecture\u00a0:\u00a03\u00a0min.<\/p>\n<p class=\"article__description latino-600m mb-24 mb-lg-30\" data-oncrawl-chapo-length=\"252\">\n    Depuis sept mois, des manifestations massives se succ\u00e8dent \u00e0 Belgrade. Pour l\u2019\u00e9crivain Eric Vuillard, prix Goncourt 2017, cette situation r\u00e9v\u00e8le la fa\u00e7on dont le pr\u00e9sident serbe, Aleksandar Vu\u010di\u0107, est d\u00e9sormais pr\u00eat \u00e0 tout pour se maintenir au pouvoir.<\/p>\n<p class=\"latino-600m text-green-500\">Cet article est une tribune, r\u00e9dig\u00e9e par un auteur ext\u00e9rieur<br \/>\n            au journal et dont le point de vue n\u2019engage pas la r\u00e9daction.<\/p>\n<p class=\"node__paragraphe antonia-750r text-grey-800 pb-24 pb-md-30\">\nIl y a deux jours, les \u00e9tudiants serbes ont de nouveau manifest\u00e9 en tr\u00e8s grand nombre pour r\u00e9clamer des \u00e9lections libres. <a href=\"https:\/\/www.nouvelobs.com\/monde\/20250316.OBS101497\/maree-humaine-a-belgrade-environ-300-000-personnes-manifestent-contre-la-corruption-du-gouvernement.html\" target=\"_blank\" rel=\"noopener\">Ils manifestent depuis sept mois<\/a> dans l\u2019indiff\u00e9rence des pays europ\u00e9ens. Les \u00e9tudiants serbes montrent une immense d\u00e9termination. Le mouvement est n\u00e9 de l\u2019effondrement d\u2019un auvent de b\u00e9ton \u00e0 la gare de Novi Sad qui a fait seize morts. Cet effondrement signale l\u2019incurie du parti nationaliste au pouvoir soutenu aussi bien par Paris que par Moscou.<\/p>\n<p class=\"node__paragraphe antonia-750r text-grey-800 pb-24 pb-md-30\">\nC\u2019est que le pouvoir exerc\u00e9 par <a href=\"https:\/\/www.nouvelobs.com\/tribunes\/20220722.OBS61221\/comment-le-trump-de-serbie-construit-un-etat-autoritaire-avec-l-argent-des-contribuables-europeens.html\" target=\"_blank\" rel=\"noopener\">le pr\u00e9sident Vu\u010di\u0107 <\/a>serait un gage de stabilit\u00e9. Aussi, peu importe que la corruption gangr\u00e8ne le pays, peu importe qu\u2019aucune enqu\u00eate ind\u00e9pendante n\u2019ait eu lieu \u00e0 propos de l\u2019effondrement meurtrier de l\u2019auvent de la gare de Novi Sad, peu importe \u00e0 la France que les \u00e9tudiants depuis le mois de novembre r\u00e9clament des \u00e9lections anticip\u00e9es. Le pr\u00e9sident stabilise les Balkans. Les Balkans sont une r\u00e9gion du monde qui ne m\u00e9rite rien d\u2019autre. Les Serbes ne m\u00e9ritent pas mieux que de vagues et discutables consid\u00e9rations g\u00e9opolitiques. Nos d\u00e9clarations sur la d\u00e9mocratie seraient donc de pure forme\u00a0? Il faudrait r\u00e9clamer plus de d\u00e9mocratie \u00e0 la Russie, au monde arabe, \u00e0 l\u2019Iran, mais pas au gouvernement serbe, dont le r\u00f4le doit \u00eatre avant toutes choses de \u00ab\u00a0stabiliser les Balkans\u00a0\u00bb.<\/p>\n<p class=\"node__paragraphe antonia-750r text-grey-800 pb-24 pb-md-30\">\nEt peu importe qu\u2019en Serbie le gouvernement soit notoirement corrompu, ultralib\u00e9ral et nationaliste. Il y a dix ans, le pr\u00e9sident Aleksandar Vu\u010di\u0107 en appelait lui-m\u00eame \u00e0 des \u00e9lections l\u00e9gislatives anticip\u00e9es lorsque cela pouvait assoir la l\u00e9gitimit\u00e9 de son parti. Et il les avait alors obtenues. Alors pourquoi les refuser \u00e0 un mouvement aussi profond, aussi large, aussi d\u00e9termin\u00e9 que celui des \u00e9tudiants\u00a0? Des centaines de milliers de personnes pr\u00e9sentes dans la rue depuis des mois cela vaut tout de m\u00eame bien les r\u00e9clamations d\u2019un parti. Un peuple, c\u2019est tout de m\u00eame davantage qu\u2019une formation politique.<\/p>\n<p>R\u00e9sumons d\u2019un trait la carri\u00e8re du pr\u00e9sident serbe<\/p>\n<p class=\"node__paragraphe antonia-750r text-grey-800 pb-24 pb-md-30\">\nIl existe un peuple en Serbie et il manifeste depuis sept mois son m\u00e9contentement par la voix de ses \u00e9tudiants. Les derni\u00e8res \u00e9lections, en 2023, ont \u00e9t\u00e9 entach\u00e9es de nombreuses irr\u00e9gularit\u00e9s. Mais pour mieux saisir l\u2019ambiance, r\u00e9sumons d\u2019un trait la carri\u00e8re du pr\u00e9sident serbe, Aleksandar Vu\u010di\u0107\u00a0: durant la p\u00e9riode de la guerre, il soutient une politique criminelle, et, lorsque le vent tourne, il se convertit en pro-europ\u00e9en convaincu. L\u2019Europe fut son chemin de Damas. Apr\u00e8s avoir encourag\u00e9 \u00e0 l\u2019assassinat des musulmans de Bosnie, le voici qui tombe de cheval, entend la voix de Dieu, et change brusquement de vie. D\u00e9sormais, il se battra pour la libert\u00e9, surtout pour la libert\u00e9 \u00e9conomique, d\u00e9sormais il se veut un partenaire fiable, le garant de la stabilit\u00e9 des Balkans. Et, en quelques instants, il r\u00e9ussit semble-t-il \u00e0 convaincre, tout le monde semble pr\u00eat \u00e0 fermer les yeux sur son pass\u00e9 au nom de la sacro-sainte stabilit\u00e9 des Balkans.<\/p>\n<p class=\"latino-500b text-grey-600 pb-16\">A lire aussi<\/p>\n<p><a href=\"https:\/\/www.nouvelobs.com\/monde\/20231006.OBS79151\/entre-le-kosovo-et-la-serbie-l-embrasement-malgre-les-mediations-de-l-ue.html\" data-article-key=\"20231006.OBS79151\" class=\"link--box flex-grow-1\" data-piano=\"Page_Article,Lire_aussi,,Lien1,navigation\" target=\"_blank\" rel=\"noopener\"><\/p>\n<p>                <img decoding=\"async\" src=\"data:image\/svg+xml,%3Csvg%20xmlns%3D%27http%3A%2F%2Fwww.w3.org%2F2000%2Fsvg%27%20fill%3D%22%23e4e4e4%22%20viewBox%3D%270%200%20120%2080%27%20width%3D%22120%22%20height%3D%2280%22%3E%3Cpath%20d%3D%27M0%200h120v80H0z%27%2F%3E%3C%2Fsvg%3E\"  width=\"120\" height=\"80\" loading=\"lazy\" alt=\"La police kosovare dans le village de Banjska, dans le nord du Kosovo, zone o\u00f9 vit une importante communaut\u00e9 serbe, le 27\u00a0septembre 2023. &#10;\"\/><\/p>\n<p class=\"latino-300r latino-lg-600m text-grey-800\">\n                      <strong class=\"latino-300b latino-lg-600m text-grey-500\">D\u00e9cryptage\u00a0<\/strong><br \/>\n                    Entre le Kosovo et la Serbie, l\u2019embrasement malgr\u00e9 les m\u00e9diations de l\u2019UE        <\/p>\n<p><\/a><\/p>\n<p class=\"node__paragraphe antonia-750r text-grey-800 pb-24 pb-md-30\">\nLe probl\u00e8me est que, depuis maintenant sept mois, le pr\u00e9sident serbe n\u2019est plus du tout un gage de stabilit\u00e9. Depuis que des manifestations de masse ont lieu r\u00e9guli\u00e8rement \u00e0 Belgrade, le pr\u00e9sident serbe devient un obstacle \u00e0 la stabilit\u00e9 du pays. Mais Aleksandar Vu\u010di\u0107 s\u2019en fiche en r\u00e9alit\u00e9 pas mal de la stabilit\u00e9 des Balkans, et il semble pr\u00eat \u00e0 tout pour se maintenir au pouvoir. Ce doit \u00eatre la r\u00e9pression de manifestations massives et d\u00e9mocratiques que l\u2019on appelle d\u00e9sormais en France, et dans les pays europ\u00e9ens qui le soutiennent, la stabilit\u00e9 des Balkans. Mais la Serbie n\u2019est plus stable, elle est au contraire au bord du gouffre.<\/p>\n<p>Comment une \u00e9lite au pouvoir d\u00e9soriente le peuple<\/p>\n<p class=\"node__paragraphe antonia-750r text-grey-800 pb-24 pb-md-30\">\nOn ne peut plus laisser les \u00e9tudiants serbes se battre dans l\u2019indiff\u00e9rence g\u00e9n\u00e9rale. Le pr\u00e9sident Vu\u010di\u0107 pr\u00e9tend s\u2019\u00eatre converti \u00e0 la d\u00e9mocratie et regretter ses anciennes positions criminelles, eh bien qu\u2019il le prouve\u00a0! Et plut\u00f4t que de s\u2019afficher de nouveau au mariage d\u2019un criminel de guerre condamn\u00e9 par la cour de la Haye, comme il le fit il y a peu, qu\u2019il convoque des \u00e9lections anticip\u00e9es et qu\u2019il d\u00e9missionne\u00a0! En v\u00e9rit\u00e9, Aleksandar Vu\u010di\u0107 ne s\u2019est converti \u00e0 rien d\u2019autre qu\u2019\u00e0 lui-m\u00eame. C\u2019est un autocrate qui prosp\u00e8re sur la destruction de l\u2019ancienne Yougoslavie. Et quoi que l\u2019on puisse penser de l\u2019ex-Yougoslavie, il est triste de voir le droit du travail, le syst\u00e8me scolaire, les droits sociaux saccag\u00e9s par de vulgaires carri\u00e9ristes.<\/p>\n<p class=\"node__paragraphe antonia-750r text-grey-800 pb-24 pb-md-30\">\nEt tandis que l\u2019on s\u2019interroge si souvent, un vague sourire aux l\u00e8vres, sur l\u2019inconstance des peuples, sur des votes parfois contradictoires \u00e0 leurs int\u00e9r\u00eats, sur un pr\u00e9tendu prurit autoritaire des classes populaires, il est \u00e9difiant d\u2019observer comment une \u00e9lite au pouvoir d\u00e9soriente le peuple. Le r\u00e9gime de Belgrade en est un exemple amer. Les \u00e9tudiants serbes ont bien du courage. Il faut enfin entendre leur cri.<\/p>\n<p class=\"node__paragraphe antonia-750r text-grey-800 pb-24 pb-md-30\">\n<strong>BIO EXPRESS<\/strong><\/p>\n<p class=\"node__paragraphe antonia-750r text-grey-800 pb-24 pb-md-30\">\nN\u00e9 en\u00a01968 \u00e0 Lyon, \u00e9crivain et cin\u00e9aste,<strong>\u00a0Eric Vuillard\u00a0<\/strong>est notamment l\u2019auteur de\u00a0<a href=\"https:\/\/bibliobs.nouvelobs.com\/romans\/20120608.OBS8029\/eric-vuillard-l-art-europeen-de-la-guerre.html\" target=\"_blank\" rel=\"noopener\">\u00ab\u00a0la Bataille d\u2019Occident\u00a0\u00bb<\/a>\u00a0(2012),\u00a0<a href=\"https:\/\/bibliobs.nouvelobs.com\/rentree-litteraire-2014\/20140903.OBS7993\/une-rentree-historique-9-buffalo-bill-vu-par-eric-vuillard.html\" target=\"_blank\" rel=\"noopener\">\u00ab\u00a0Tristesse de la terre\u00a0\u00bb<\/a>\u00a0(2014),\u00a0<a href=\"https:\/\/bibliobs.nouvelobs.com\/critique\/20170510.OBS9223\/l-art-nazi-de-la-diplomatie-selon-eric-vuillard.html\" target=\"_blank\" rel=\"noopener\">\u00ab\u00a0l\u2019Ordre du jour\u00a0\u00bb<\/a>\u00a0(prix Goncourt 2017),\u00a0<a href=\"https:\/\/bibliobs.nouvelobs.com\/actualites\/20190124.OBS9051\/faut-il-lire-la-guerre-des-pauvres-d-eric-vuillard-pour-comprendre-les-gilets-jaunes.html\" target=\"_blank\" rel=\"noopener\">\u00ab\u00a0la Guerre des pauvres\u00a0\u00bb<\/a>\u00a0(2019) et\u00a0<a href=\"https:\/\/www.nouvelobs.com\/bibliobs\/20220106.OBS52933\/eric-vuillard-le-soldat-le-plus-inconnu-est-un-indochinois-un-arabe-et-un-noir.html\" target=\"_blank\" rel=\"noopener\">\u00ab\u00a0Une sortie honorable\u00a0\u00bb<\/a>\u00a0(2022). Tous ses derniers livres sont publi\u00e9s aux \u00e9ditions Actes Sud.<\/p>\n","protected":false},"excerpt":{"rendered":"Publi\u00e9 le 30 juin 2025 \u00e0 16h48 Lire\u00a0plus\u00a0tard Google Actualit\u00e9s Partager Facebook Bluesky E-mail Copier le lien Envoyer&hellip;\n","protected":false},"author":2,"featured_media":216333,"comment_status":"","ping_status":"","sticky":false,"template":"","format":"standard","meta":{"footnotes":""},"categories":[1586],"tags":[17,11,6379,1777,674,35568,1011,27,15221,2561,74,12,25,25134,31390],"class_list":{"0":"post-216332","1":"post","2":"type-post","3":"status-publish","4":"format-standard","5":"has-post-thumbnail","7":"category-europe","8":"tag-17","9":"tag-actualites","10":"tag-etudiants","11":"tag-eu","12":"tag-europe","13":"tag-fout","14":"tag-fr","15":"tag-france","16":"tag-manifestent","17":"tag-mois","18":"tag-monde","19":"tag-news","20":"tag-republique-francaise","21":"tag-serbes","22":"tag-tribunes"},"share_on_mastodon":{"url":"https:\/\/pubeurope.com\/@fr\/114773789527398270","error":""},"_links":{"self":[{"href":"https:\/\/www.europesays.com\/fr\/wp-json\/wp\/v2\/posts\/216332","targetHints":{"allow":["GET"]}}],"collection":[{"href":"https:\/\/www.europesays.com\/fr\/wp-json\/wp\/v2\/posts"}],"about":[{"href":"https:\/\/www.europesays.com\/fr\/wp-json\/wp\/v2\/types\/post"}],"author":[{"embeddable":true,"href":"https:\/\/www.europesays.com\/fr\/wp-json\/wp\/v2\/users\/2"}],"replies":[{"embeddable":true,"href":"https:\/\/www.europesays.com\/fr\/wp-json\/wp\/v2\/comments?post=216332"}],"version-history":[{"count":0,"href":"https:\/\/www.europesays.com\/fr\/wp-json\/wp\/v2\/posts\/216332\/revisions"}],"wp:featuredmedia":[{"embeddable":true,"href":"https:\/\/www.europesays.com\/fr\/wp-json\/wp\/v2\/media\/216333"}],"wp:attachment":[{"href":"https:\/\/www.europesays.com\/fr\/wp-json\/wp\/v2\/media?parent=216332"}],"wp:term":[{"taxonomy":"category","embeddable":true,"href":"https:\/\/www.europesays.com\/fr\/wp-json\/wp\/v2\/categories?post=216332"},{"taxonomy":"post_tag","embeddable":true,"href":"https:\/\/www.europesays.com\/fr\/wp-json\/wp\/v2\/tags?post=216332"}],"curies":[{"name":"wp","href":"https:\/\/api.w.org\/{rel}","templated":true}]}}