{"id":216343,"date":"2025-06-30T18:49:09","date_gmt":"2025-06-30T18:49:09","guid":{"rendered":"https:\/\/www.europesays.com\/fr\/216343\/"},"modified":"2025-06-30T18:49:09","modified_gmt":"2025-06-30T18:49:09","slug":"officiel-le-stade-francais-enregistre-larrivee-dun-samoan-vice-champion-deurope","status":"publish","type":"post","link":"https:\/\/www.europesays.com\/fr\/216343\/","title":{"rendered":"OFFICIEL &#8211; Le Stade Fran\u00e7ais enregistre l&rsquo;arriv\u00e9e d&rsquo;un Samoan vice-champion d&rsquo;Europe !"},"content":{"rendered":"<p>\u00c0 seulement 26 ans, Iakopo Mapu incarne la nouvelle vague samoane qui monte en puissance sur la sc\u00e8ne internationale. Pass\u00e9 par la Nouvelle-Z\u00e9lande et d\u00e9sormais install\u00e9 en Europe, le troisi\u00e8me ligne continue de gravir les \u00e9chelons avec ambition.<\/p>\n<p>N\u00e9 le 4 novembre 1997, Iakopo Mapu a vu le jour \u00e0 Fale\u2019ula, un village paisible situ\u00e9 sur la c\u00f4te nord de l\u2019\u00eele d\u2019Upolu, la deuxi\u00e8me plus grande des Samoa. C\u2019est l\u00e0 qu\u2019il a d\u00e9couvert le rugby, avant de voir son talent reconnu au-del\u00e0 de l\u2019archipel.<\/p>\n<p>Avant de s\u2019installer en Europe, Mapu a \u00e9galement port\u00e9 les couleurs de Moana Pasifika en Super Rugby.<\/p>\n<p>Solide et tr\u00e8s mobile malgr\u00e9 son gabarit (1,83 m pour 106 kg), le troisi\u00e8me ligne a rapidement attir\u00e9 l\u2019attention des s\u00e9lectionneurs samoans.<\/p>\n<p>Il s\u2019est distingu\u00e9 l\u2019an dernier en s\u00e9lection nationale lors de la Pacific Nations Cup.<\/p>\n<p>Une performance qui n\u2019est pas pass\u00e9e inaper\u00e7ue, d\u2019autant que ses prestations en club ont suivi le m\u00eame chemin. En novembre 2024, Mapu a franchi un nouveau cap en rejoignant les Northampton Saints, alors futurs vice-champions d\u2019Europe.<\/p>\n<p>Le Stade Fran\u00e7ais enregistre donc l\u2019arriv\u00e9e d\u2019un joueur prometteur dans un poste cl\u00e9 !<\/p>\n<blockquote class=\"twitter-tweet\">\n<p dir=\"ltr\" lang=\"fr\">Le 3\u00e8me ligne Iakopo Mapu s\u2019engage avec les Soldats Roses et arrive en provenance des <a href=\"https:\/\/twitter.com\/SaintsRugby?ref_src=twsrc%5Etfw\" rel=\"nofollow noopener\" target=\"_blank\">@SaintsRugby<\/a> ! \ud83c\udf38<\/p>\n<p>Bienvenue Iaks ! \u26a1\ufe0f<a href=\"https:\/\/twitter.com\/hashtag\/SFParis?src=hash&amp;ref_src=twsrc%5Etfw\" rel=\"nofollow noopener\" target=\"_blank\">#SFParis<\/a> <a href=\"https:\/\/t.co\/JzOUraoA9t\" rel=\"nofollow\">pic.twitter.com\/JzOUraoA9t<\/a><\/p>\n<p>\u2014 Stade Fran\u00e7ais Paris (@SFParisRugby) <a href=\"https:\/\/twitter.com\/SFParisRugby\/status\/1939715666304438715?ref_src=twsrc%5Etfw\" rel=\"nofollow noopener\" target=\"_blank\">June 30, 2025<\/a><\/p>\n<\/blockquote>\n<p><script async src=\"https:\/\/platform.twitter.com\/widgets.js\" charset=\"utf-8\"><\/script><\/p>\n","protected":false},"excerpt":{"rendered":"\u00c0 seulement 26 ans, Iakopo Mapu incarne la nouvelle vague samoane qui monte en puissance sur la sc\u00e8ne&hellip;\n","protected":false},"author":2,"featured_media":216344,"comment_status":"","ping_status":"","sticky":false,"template":"","format":"standard","meta":{"footnotes":""},"categories":[1416],"tags":[1011,27,479,1468,60],"class_list":{"0":"post-216343","1":"post","2":"type-post","3":"status-publish","4":"format-standard","5":"has-post-thumbnail","7":"category-rugby","8":"tag-fr","9":"tag-france","10":"tag-rugby","11":"tag-rugby-football","12":"tag-sports"},"share_on_mastodon":{"url":"","error":""},"_links":{"self":[{"href":"https:\/\/www.europesays.com\/fr\/wp-json\/wp\/v2\/posts\/216343","targetHints":{"allow":["GET"]}}],"collection":[{"href":"https:\/\/www.europesays.com\/fr\/wp-json\/wp\/v2\/posts"}],"about":[{"href":"https:\/\/www.europesays.com\/fr\/wp-json\/wp\/v2\/types\/post"}],"author":[{"embeddable":true,"href":"https:\/\/www.europesays.com\/fr\/wp-json\/wp\/v2\/users\/2"}],"replies":[{"embeddable":true,"href":"https:\/\/www.europesays.com\/fr\/wp-json\/wp\/v2\/comments?post=216343"}],"version-history":[{"count":0,"href":"https:\/\/www.europesays.com\/fr\/wp-json\/wp\/v2\/posts\/216343\/revisions"}],"wp:featuredmedia":[{"embeddable":true,"href":"https:\/\/www.europesays.com\/fr\/wp-json\/wp\/v2\/media\/216344"}],"wp:attachment":[{"href":"https:\/\/www.europesays.com\/fr\/wp-json\/wp\/v2\/media?parent=216343"}],"wp:term":[{"taxonomy":"category","embeddable":true,"href":"https:\/\/www.europesays.com\/fr\/wp-json\/wp\/v2\/categories?post=216343"},{"taxonomy":"post_tag","embeddable":true,"href":"https:\/\/www.europesays.com\/fr\/wp-json\/wp\/v2\/tags?post=216343"}],"curies":[{"name":"wp","href":"https:\/\/api.w.org\/{rel}","templated":true}]}}