{"id":216346,"date":"2025-06-30T18:51:26","date_gmt":"2025-06-30T18:51:26","guid":{"rendered":"https:\/\/www.europesays.com\/fr\/216346\/"},"modified":"2025-06-30T18:51:26","modified_gmt":"2025-06-30T18:51:26","slug":"reportage-puissance-4-au-coeur-de-la-preparation-des-equipes-de-france-basket-usa","status":"publish","type":"post","link":"https:\/\/www.europesays.com\/fr\/216346\/","title":{"rendered":"Reportage |\u00a0Puissance 4, au c\u0153ur de la pr\u00e9paration des \u00c9quipes de France \u2022 Basket USA"},"content":{"rendered":"<p><img fetchpriority=\"high\" decoding=\"async\" src=\"https:\/\/www.europesays.com\/fr\/wp-content\/uploads\/2025\/06\/equipe-de-france.jpg\" alt=\"Equipes de France\" width=\"1842\" height=\"1228\" class=\"aligncenter size-full wp-image-726662\"  \/>Les Jeux olympiques se rapprochent \u00e0 grands pas, et la FFBB vient de d\u00e9voiler le quatri\u00e8me \u00e9pisode de sa s\u00e9rie \u201cPuissance 4\u201d. Une s\u00e9rie, sous la direction de <strong>Tommy Hombert<\/strong>, qui suit les Equipes de France de l\u2019int\u00e9rieur.<\/p>\n<p>L\u2019occasion d\u2019entrouvrir la porte de la pr\u00e9paration des quatre Equipes de France de basket qui vont tenter de d\u00e9crocher une m\u00e9daille \u00e0 Paris : les 5\u00d75 masculin et f\u00e9minin, mais aussi les 3\u00d73 masculin et f\u00e9minin.<\/p>\n<p>Episode 1 : Au complet<\/p>\n<p>Episode 2 : Coup d\u2019envoi<\/p>\n<p>Episode 3 : Une place \u00e0 gagner<\/p>\n<p>Episode 4 : Olympiens<\/p>\n","protected":false},"excerpt":{"rendered":"Les Jeux olympiques se rapprochent \u00e0 grands pas, et la FFBB vient de d\u00e9voiler le quatri\u00e8me \u00e9pisode de&hellip;\n","protected":false},"author":2,"featured_media":216347,"comment_status":"","ping_status":"","sticky":false,"template":"","format":"standard","meta":{"footnotes":""},"categories":[1414],"tags":[1465,1464,1011,27,60],"class_list":{"0":"post-216346","1":"post","2":"type-post","3":"status-publish","4":"format-standard","5":"has-post-thumbnail","7":"category-basket","8":"tag-basket","9":"tag-basketball","10":"tag-fr","11":"tag-france","12":"tag-sports"},"share_on_mastodon":{"url":"https:\/\/pubeurope.com\/@fr\/114773825103757158","error":""},"_links":{"self":[{"href":"https:\/\/www.europesays.com\/fr\/wp-json\/wp\/v2\/posts\/216346","targetHints":{"allow":["GET"]}}],"collection":[{"href":"https:\/\/www.europesays.com\/fr\/wp-json\/wp\/v2\/posts"}],"about":[{"href":"https:\/\/www.europesays.com\/fr\/wp-json\/wp\/v2\/types\/post"}],"author":[{"embeddable":true,"href":"https:\/\/www.europesays.com\/fr\/wp-json\/wp\/v2\/users\/2"}],"replies":[{"embeddable":true,"href":"https:\/\/www.europesays.com\/fr\/wp-json\/wp\/v2\/comments?post=216346"}],"version-history":[{"count":0,"href":"https:\/\/www.europesays.com\/fr\/wp-json\/wp\/v2\/posts\/216346\/revisions"}],"wp:featuredmedia":[{"embeddable":true,"href":"https:\/\/www.europesays.com\/fr\/wp-json\/wp\/v2\/media\/216347"}],"wp:attachment":[{"href":"https:\/\/www.europesays.com\/fr\/wp-json\/wp\/v2\/media?parent=216346"}],"wp:term":[{"taxonomy":"category","embeddable":true,"href":"https:\/\/www.europesays.com\/fr\/wp-json\/wp\/v2\/categories?post=216346"},{"taxonomy":"post_tag","embeddable":true,"href":"https:\/\/www.europesays.com\/fr\/wp-json\/wp\/v2\/tags?post=216346"}],"curies":[{"name":"wp","href":"https:\/\/api.w.org\/{rel}","templated":true}]}}