{"id":216354,"date":"2025-06-30T18:55:11","date_gmt":"2025-06-30T18:55:11","guid":{"rendered":"https:\/\/www.europesays.com\/fr\/216354\/"},"modified":"2025-06-30T18:55:11","modified_gmt":"2025-06-30T18:55:11","slug":"mercato-psg-environ-62-millions-deuros-laccord-est-proche","status":"publish","type":"post","link":"https:\/\/www.europesays.com\/fr\/216354\/","title":{"rendered":"Mercato PSG &#8211; Environ 62 millions d&rsquo;euros, l&rsquo;accord est proche !"},"content":{"rendered":"<p><strong>Ilya Zabarnyi, d\u00e9fenseur central de 22 ans de Bournemouth (contrat jusqu\u2019en 2029) et de l\u2019Ukraine, a \u00e9t\u00e9 annonc\u00e9 comme une priorit\u00e9 d\u00e9fensive du Paris Saint-Germain pour le mercato. Il est m\u00eame question d\u2019une certaine avanc\u00e9e vers un transfert. L\u2019Equipe annonce aujourd\u2019hui que l\u2019accord se rapproche, avec m\u00eame un rempla\u00e7ant d\u00e9j\u00e0 identifi\u00e9 en Ligue 1.<\/strong><\/p>\n<blockquote>\n<p>\u00ab\u00a0Apr\u00e8s avoir r\u00e9alis\u00e9 un transfert r\u00e9f\u00e9rence en c\u00e9dant le n\u00e9o-international espagnol Dean Huijsen au Real Madrid contre 62 M\u20ac, d\u00e9but juin, le club anglais n\u2019est plus tr\u00e8s loin de laisser partir son autre d\u00e9fenseur central, l\u2019Ukrainien Ilya Zabarnyi au PSG, pour une somme similaire. <\/p>\n<p>Alors, les dirigeants britanniques se devaient d\u2019agir pour recruter \u00e0 leur tour. Dans cette optique, ils ont fait de Diakit\u00e9 une priorit\u00e9 absolue, s\u00e9duits par la capacit\u00e9 du Lillois \u00e0 remporter ses duels, au sol comme dans les airs, et \u00e0 r\u00e9pondre \u00e0 une adversit\u00e9 \u00e9lev\u00e9e, notamment en C1, comme il l\u2019a fait contre le Real Madrid, l\u2019Atl\u00e9tico ou Dortmund.\u00a0\u00bb<\/p>\n<\/blockquote>\n<p>Une annonce forte, avec un transfert qui pourrait donc se concr\u00e9tiser relativement prochainement. Il y a au moins une certaine confiance possible. Mais attention, la prudence reste sage alors qu\u2019il n\u2019y a rien d\u2019officiel. Ni l\u2019accord entre le PSG et Bournemouth, ni la piste Diakit\u00e9.<\/p>\n<p>Nous attendrons donc encore pour les certitudes. Ce qui pourrait prendre du temps, il en reste plein dans ce mercato (fermeture le 1er septembre). Pour le moment, le PSG semble laisser la place \u00e0 la Coupe du Monde des Clubs. Sans oublier de se placer sur le mercato, bien s\u00fbr.<\/p>\n<p>\t\t\t\t\t\t\t\t\t\t\t\t\t\t\t\t\t\t\t\t\t\t\t<img loading=\"lazy\" src=\"https:\/\/www.europesays.com\/fr\/wp-content\/uploads\/2025\/04\/ParisFans_Logo.png\" decoding=\"async\" class=\"lazyload\" width=\"240\" height=\"54\" data-eio-rwidth=\"240\" data-eio-rheight=\"54\"\/><\/p>\n","protected":false},"excerpt":{"rendered":"Ilya Zabarnyi, d\u00e9fenseur central de 22 ans de Bournemouth (contrat jusqu\u2019en 2029) et de l\u2019Ukraine, a \u00e9t\u00e9 annonc\u00e9&hellip;\n","protected":false},"author":2,"featured_media":176074,"comment_status":"","ping_status":"","sticky":false,"template":"","format":"standard","meta":{"footnotes":""},"categories":[1410],"tags":[63,1011,27,30997,60,96],"class_list":{"0":"post-216354","1":"post","2":"type-post","3":"status-publish","4":"format-standard","5":"has-post-thumbnail","7":"category-football","8":"tag-football","9":"tag-fr","10":"tag-france","11":"tag-ilya-zabarnyi","12":"tag-sports","13":"tag-une"},"share_on_mastodon":{"url":"","error":""},"_links":{"self":[{"href":"https:\/\/www.europesays.com\/fr\/wp-json\/wp\/v2\/posts\/216354","targetHints":{"allow":["GET"]}}],"collection":[{"href":"https:\/\/www.europesays.com\/fr\/wp-json\/wp\/v2\/posts"}],"about":[{"href":"https:\/\/www.europesays.com\/fr\/wp-json\/wp\/v2\/types\/post"}],"author":[{"embeddable":true,"href":"https:\/\/www.europesays.com\/fr\/wp-json\/wp\/v2\/users\/2"}],"replies":[{"embeddable":true,"href":"https:\/\/www.europesays.com\/fr\/wp-json\/wp\/v2\/comments?post=216354"}],"version-history":[{"count":0,"href":"https:\/\/www.europesays.com\/fr\/wp-json\/wp\/v2\/posts\/216354\/revisions"}],"wp:featuredmedia":[{"embeddable":true,"href":"https:\/\/www.europesays.com\/fr\/wp-json\/wp\/v2\/media\/176074"}],"wp:attachment":[{"href":"https:\/\/www.europesays.com\/fr\/wp-json\/wp\/v2\/media?parent=216354"}],"wp:term":[{"taxonomy":"category","embeddable":true,"href":"https:\/\/www.europesays.com\/fr\/wp-json\/wp\/v2\/categories?post=216354"},{"taxonomy":"post_tag","embeddable":true,"href":"https:\/\/www.europesays.com\/fr\/wp-json\/wp\/v2\/tags?post=216354"}],"curies":[{"name":"wp","href":"https:\/\/api.w.org\/{rel}","templated":true}]}}