{"id":216357,"date":"2025-06-30T18:57:18","date_gmt":"2025-06-30T18:57:18","guid":{"rendered":"https:\/\/www.europesays.com\/fr\/216357\/"},"modified":"2025-06-30T18:57:18","modified_gmt":"2025-06-30T18:57:18","slug":"une-statue-de-toreador-decapitee-dans-le-sud-chasse-passion","status":"publish","type":"post","link":"https:\/\/www.europesays.com\/fr\/216357\/","title":{"rendered":"Une statue de Tor\u00e9ador d\u00e9capit\u00e9e dans le sud &#8211; Chasse Passion"},"content":{"rendered":"<ol>\n<li><a href=\"https:\/\/news.google.com\/rss\/articles\/CBMiqwFBVV95cUxNc2lMVmRGVTg1eTg3cTZNTFNlaVpLTGFTN05kX3BCZTVNT2pLeVpyQlBlckdlRE5jWmNMMmhrcXJKRnlPSUlQMUJNeTNTZVZ3NWtnVWtWZ2Iyc08tdnVFeV9IT2NvVFlodGU3ZUhlY1Q1eVlhRmEyMElkWTRGTEc2cmZDeUhnaWdTNWJVZ3A5RkgxMjZhcUt5OUs3WTRsMExrM2E2OUE3Qm4yaW8?oc=5\" target=\"_blank\" rel=\"nofollow noopener\">Une statue de Tor\u00e9ador d\u00e9capit\u00e9e dans le sud<\/a>&nbsp;&nbsp;Chasse Passion<\/li>\n<li><a href=\"https:\/\/news.google.com\/rss\/articles\/CBMi5wFBVV95cUxNdlVaOFpsdElRaXhJYVU0OVpCYUFBazB6a09GcUpPMmZ4TzJSbHZzRldaNmk0UEZHRjZKUU5HTjRNT3BFdFgwLVBlVmJMM2U3WHhIcXBxaWRFTzZkYkNadVJIZ1BNMk5ZRDkzV2M5UktnRE5Ic1pwbHlmc05PQV94NzhNc3JPcFRkTUpPQ1p1ZlpqRUhEbUd3bTNLVE95czFyQUQ4Q1RMQWU5QTVYc05YNGsxWDd6anROem9seHhtNEIyRER4Z2pzMDBYQkR0SFVWZHkzYVBESFhLOGF6TzJ4VXVpeExnMDg?oc=5\" target=\"_blank\" rel=\"nofollow noopener\">Statue de torero d\u00e9capit\u00e9e dans les Pyr\u00e9n\u00e9es-Orientales : \u00ab\u00a0On attaque l&#8217;embl\u00e8me de notre ville !\u00a0\u00bb<\/a>&nbsp;&nbsp;francebleu.fr<\/li>\n<li><a href=\"https:\/\/news.google.com\/rss\/articles\/CBMi6wFBVV95cUxNNVBIQ2lZNWhOU21GakNzQUo4MDNUd0tWNDZyQzYxa1NyOGRjYTdLTVVsNHFZTDFkZ3hZQXZyRGtycndzSkpUb3FudUxmNlBORWRnbzJrLTVrSC1yNloxZWZtYXRqTVZld1Z5WGx3bTl5ZHdDSXFtdzVCdUhKMFU5WW9sbFhmRnVLYzFUbzJmNWdpZ1lueE5XLVVIV0RZQ3FIYXlTRmFlelJPQkl0SUhRbFRvWXVzME54RTd2akpiUW5xOVc3X1FnUjZJOFlOVFpZQk9KRGZHekVCazc5VXpIM2xJdFFtV0NsSUg0?oc=5\" target=\"_blank\" rel=\"nofollow noopener\">La statue du Tor\u00e9ador du rond-point de Millas a \u00e9t\u00e9 d\u00e9capit\u00e9e la nuit derni\u00e8re : une enqu\u00eate est en cours<\/a>&nbsp;&nbsp;L&rsquo;Ind\u00e9pendant<\/li>\n<li><a href=\"https:\/\/news.google.com\/rss\/articles\/CBMizgFBVV95cUxNdmF2TnJrc1h0SUJVVEo2dzRJcFZMd2Y2UEd5TzRCenZ1amdhdTlWZXQyeEJKS0ZCN2JST3FrUk1LNzBWWjFVSGdBWUR5QVFHWUxNblJhUVJROUQzZ1M4ZHlyeHVCT1NHSFBTLVg1MXlRekFSSDRoUlBuTS1JWTUxcElCeUJQcFhodVNCRnRZZVNZcEhwclRyRHVQRms5OXVSTE1XRWVvVEdackliQ1drZE1MWUl2UmlpRmpUeVdQd1VvbkhoaExtQXNBTnBhdw?oc=5\" target=\"_blank\" rel=\"nofollow noopener\">Le torero de ce c\u00e9l\u00e8bre rond-point des Pyr\u00e9n\u00e9es-Orientales \u00ab\u00a0d\u00e9capit\u00e9\u00a0\u00bb dans la nuit<\/a>&nbsp;&nbsp;Actu.fr<\/li>\n<li><a href=\"https:\/\/news.google.com\/rss\/articles\/CBMipwFBVV95cUxQbXo5YU5JM3BVYTJkVURjSThLQ0FPSFJxVi1LWXB5cFJfdVRrUGx3RVpCTEN6QU01VmZHeDJrMmI3amwyUk8xNklINGg1MV9UQUZSTFp5UUNYN19wVktZS1BGYkoxM0l1aE9ROHhtMlNIa3p6RGk4ZnhORHd4bzhVcXdKcy14a3JWd2R3NWVlVWEyeGpxNFZVSnl2OUxYU2hyazNNOUtWYw?oc=5\" target=\"_blank\" rel=\"nofollow noopener\">Millas\/ A sept semaines de la feria : la statue du torero d\u00e9capit\u00e9e !<\/a>&nbsp;&nbsp;ouillade.eu |<\/li>\n<\/ol>\n","protected":false},"excerpt":{"rendered":"Une statue de Tor\u00e9ador d\u00e9capit\u00e9e dans le sud&nbsp;&nbsp;Chasse Passion Statue de torero d\u00e9capit\u00e9e dans les Pyr\u00e9n\u00e9es-Orientales : \u00ab\u00a0On&hellip;\n","protected":false},"author":2,"featured_media":216358,"comment_status":"","ping_status":"","sticky":false,"template":"","format":"standard","meta":{"footnotes":""},"categories":[1358],"tags":[1348,1384,1385,1386,58,59,1011,27],"class_list":{"0":"post-216357","1":"post","2":"type-post","3":"status-publish","4":"format-standard","5":"has-post-thumbnail","7":"category-arts-et-design","8":"tag-arts","9":"tag-arts-and-design","10":"tag-arts-et-design","11":"tag-design","12":"tag-divertissement","13":"tag-entertainment","14":"tag-fr","15":"tag-france"},"share_on_mastodon":{"url":"https:\/\/pubeurope.com\/@fr\/114773848481342745","error":""},"_links":{"self":[{"href":"https:\/\/www.europesays.com\/fr\/wp-json\/wp\/v2\/posts\/216357","targetHints":{"allow":["GET"]}}],"collection":[{"href":"https:\/\/www.europesays.com\/fr\/wp-json\/wp\/v2\/posts"}],"about":[{"href":"https:\/\/www.europesays.com\/fr\/wp-json\/wp\/v2\/types\/post"}],"author":[{"embeddable":true,"href":"https:\/\/www.europesays.com\/fr\/wp-json\/wp\/v2\/users\/2"}],"replies":[{"embeddable":true,"href":"https:\/\/www.europesays.com\/fr\/wp-json\/wp\/v2\/comments?post=216357"}],"version-history":[{"count":0,"href":"https:\/\/www.europesays.com\/fr\/wp-json\/wp\/v2\/posts\/216357\/revisions"}],"wp:featuredmedia":[{"embeddable":true,"href":"https:\/\/www.europesays.com\/fr\/wp-json\/wp\/v2\/media\/216358"}],"wp:attachment":[{"href":"https:\/\/www.europesays.com\/fr\/wp-json\/wp\/v2\/media?parent=216357"}],"wp:term":[{"taxonomy":"category","embeddable":true,"href":"https:\/\/www.europesays.com\/fr\/wp-json\/wp\/v2\/categories?post=216357"},{"taxonomy":"post_tag","embeddable":true,"href":"https:\/\/www.europesays.com\/fr\/wp-json\/wp\/v2\/tags?post=216357"}],"curies":[{"name":"wp","href":"https:\/\/api.w.org\/{rel}","templated":true}]}}