{"id":216361,"date":"2025-06-30T18:59:19","date_gmt":"2025-06-30T18:59:19","guid":{"rendered":"https:\/\/www.europesays.com\/fr\/216361\/"},"modified":"2025-06-30T18:59:19","modified_gmt":"2025-06-30T18:59:19","slug":"je-ne-lai-jamais-rencontre-lheroine-de-la-serie-na-pas-vraiment-tourne-avec-lacteur-phare-de-meurtres-au-paradis","status":"publish","type":"post","link":"https:\/\/www.europesays.com\/fr\/216361\/","title":{"rendered":"\u00ab\u00a0Je ne l&rsquo;ai jamais rencontr\u00e9&#8230;\u00a0\u00bb L&rsquo;h\u00e9ro\u00efne de la s\u00e9rie n&rsquo;a pas vraiment tourn\u00e9 avec l&rsquo;acteur phare de Meurtres au paradis !"},"content":{"rendered":"<p>Ardal O&rsquo;Hanlon, qui incarnait l&rsquo;inspecteur Jack Mooney dans Meurtres au paradis, est de retour dans le spin-off Enqu\u00eates au paradis. L&rsquo;actrice Anna Samson a d&rsquo;ailleurs r\u00e9v\u00e9l\u00e9 un secret sur sa participation.<\/p>\n<p>Une semaine apr\u00e8s son lancement r\u00e9ussi sur France 2 &#8211; les deux premiers \u00e9pisodes ont rassembl\u00e9 une moyenne l\u00e9g\u00e8rement sup\u00e9rieure \u00e0 2,5 millions de t\u00e9l\u00e9spectateurs pour une part d&rsquo;audience globale de plus de 15% &#8211; <a href=\"https:\/\/www.programme-tv.net\/news\/series-tv\/381240-enquetes-au-paradis-faut-il-regarder-ce-nouveau-spin-off-de-meurtres-au-paradis-qui-debute-ce-lundi-23-juin-2025-sur-france-2-notre-avis\/\" data-api-deeplink=\"teleloisirs:\/\/news\/381240\" target=\"_blank\" rel=\"noopener\">la sympathique et r\u00e9ussie s\u00e9rie polici\u00e8re Enqu\u00eates au paradis<\/a> est de retour ce lundi 30 juin 2025. Au programme du <a href=\"https:\/\/www.programme-tv.net\/news\/series-tv\/375737-mysteres-au-paradis-faut-il-regarder-la-serie-derivee-de-meurtres-au-paradis-diffusee-ce-dimanche-13-avril-2025-sur-france-3-notre-avis\/\" data-api-deeplink=\"teleloisirs:\/\/news\/375737\" target=\"_blank\" rel=\"noopener\">second spin-off de Meurtres au paradis<\/a> : deux nouvelles enqu\u00eates men\u00e9es par la sagace, mais pas commode, Mackenzie Clarke, incarn\u00e9e par <a href=\"https:\/\/www.programme-tv.net\/news\/series-tv\/381256-enquetes-au-paradis-mackenzie-revient-avec-un-lourd-sentiment-de-culpabilite-anna-samson-en-dit-plus-sur-l-heroine-du-spin-off-de-meurtres-au-paradis\/\" data-api-deeplink=\"teleloisirs:\/\/news\/381256\" target=\"_blank\" rel=\"noopener\">la remarquable Anna Samson<\/a>.<\/p>\n<p>Enqu\u00eates au paradis : Un acteur de Meurtres au paradis joue dans le spin-off !<\/p>\n<p>Pour les fans de Meurtres au paradis, ce nouveau spin-off est l&rsquo;occasion de retrouver un acteur phare de la franchise en la personne d&rsquo;Ardal O&rsquo;Hanlon. Le com\u00e9dien irlandais avait en effet jou\u00e9 dans la s\u00e9rie m\u00e8re l&rsquo;inspecteur Jack Mooney, de 2017 \u00e0 2020. Un personnage inoubliable et marquant, <a href=\"https:\/\/www.programme-tv.net\/news\/series-tv\/252096-meurtres-au-paradis-france-2-pourquoi-ardal-ohanlon-jack-mooney-a-t-il-quitte-la-serie\/\" data-api-deeplink=\"teleloisirs:\/\/news\/252096\" target=\"_blank\" rel=\"noopener\">qu&rsquo;O&rsquo;Hanlon n&rsquo;avait pas \u00e9t\u00e9 particuli\u00e8rement triste de quitter<\/a> mais qu&rsquo;il retrouve donc dans Enqu\u00eates au paradis. Il y incarne donc Mooney des ann\u00e9es plus tard, devenu le chef de Mackenzie Clarke \u00e0 la police de Londres. \u00ab\u00a0Elle adore Jack\u00a0\u00bb pr\u00e9cise Anna Samson avant de souligner \u00e0 nos confr\u00e8res de <a href=\"https:\/\/www.digitalspy.com\/tv\/a62841119\/return-paradise-crossover-death-paradise\/\" target=\"_blank\" rel=\"noopener\">Digital Spy<\/a> \u00e0 quel point cet \u00e9l\u00e9ment est capital, \u00ab\u00a0Elle n&rsquo;a pas tant de gens dont elle se soucie, ou d&rsquo;amis, mais il en fait partie.\u00a0\u00bb<\/p>\n<p>                        Enqu\u00eates au paradis : \u00ab\u00a0Je ne l&rsquo;ai jamais rencontr\u00e9&#8230;\u00a0\u00bb, l&rsquo;h\u00e9ro\u00efne du spin-off r\u00e9v\u00e8le qu&rsquo;elle n&rsquo;a pas vraiment tourn\u00e9 avec l&rsquo;acteur phare de Meurtres au paradis<\/p>\n<p>Voir ainsi Ardal O&rsquo;Hanlon dans Enqu\u00eates au paradis est donc un beau clin d\u2019\u0153il aux fans de Meurtres au paradis. Mais dans la r\u00e9alit\u00e9, le com\u00e9dien n&rsquo;a pas r\u00e9ellement tourn\u00e9 avec ses petits camarades. \u00ab\u00a0Je n&rsquo;ai jamais rencontr\u00e9 Ardal. Il a tourn\u00e9 toutes ses sc\u00e8nes [\u00e0 Londres] et j&rsquo;ai fait les miennes [en Australie], et toutes ces s\u00e9quences \u00e9taient au t\u00e9l\u00e9phone&#8230;\u00a0\u00bb a ainsi r\u00e9v\u00e9l\u00e9 Anna Samson avant d&rsquo;ajouter que cette \u00ab\u00a0absence\u00a0\u00bb n&rsquo;enlevait rien \u00e0 la plus-value de la participation du com\u00e9dien \u00e0 Enqu\u00eates au paradis, \u00ab\u00a0Le voir ainsi surgir \u00e0 l&rsquo;\u00e9cran, avec les toits de la ville de Londres en arri\u00e8re-plan est un vrai et beau cadeau [pour les fans]\u00a0\u00bb Un vrai beau cadeau en effet. Et petit conseil : soyez tr\u00e8s attentifs la semaine prochaine lors du final d&rsquo;Enqu\u00eates au paradis !<\/p>\n","protected":false},"excerpt":{"rendered":"Ardal O&rsquo;Hanlon, qui incarnait l&rsquo;inspecteur Jack Mooney dans Meurtres au paradis, est de retour dans le spin-off Enqu\u00eates&hellip;\n","protected":false},"author":2,"featured_media":216362,"comment_status":"","ping_status":"","sticky":false,"template":"","format":"standard","meta":{"footnotes":""},"categories":[1356],"tags":[244,58,35572,59,1011,27,594,15445,15446,252,1364],"class_list":{"0":"post-216361","1":"post","2":"type-post","3":"status-publish","4":"format-standard","5":"has-post-thumbnail","7":"category-television","8":"tag-commentaire","9":"tag-divertissement","10":"tag-enquu00eates-au-paradis","11":"tag-entertainment","12":"tag-fr","13":"tag-france","14":"tag-france-2","15":"tag-meurtres-au-paradis","16":"tag-spin-off","17":"tag-television","18":"tag-tv"},"share_on_mastodon":{"url":"https:\/\/pubeurope.com\/@fr\/114773857405626356","error":""},"_links":{"self":[{"href":"https:\/\/www.europesays.com\/fr\/wp-json\/wp\/v2\/posts\/216361","targetHints":{"allow":["GET"]}}],"collection":[{"href":"https:\/\/www.europesays.com\/fr\/wp-json\/wp\/v2\/posts"}],"about":[{"href":"https:\/\/www.europesays.com\/fr\/wp-json\/wp\/v2\/types\/post"}],"author":[{"embeddable":true,"href":"https:\/\/www.europesays.com\/fr\/wp-json\/wp\/v2\/users\/2"}],"replies":[{"embeddable":true,"href":"https:\/\/www.europesays.com\/fr\/wp-json\/wp\/v2\/comments?post=216361"}],"version-history":[{"count":0,"href":"https:\/\/www.europesays.com\/fr\/wp-json\/wp\/v2\/posts\/216361\/revisions"}],"wp:featuredmedia":[{"embeddable":true,"href":"https:\/\/www.europesays.com\/fr\/wp-json\/wp\/v2\/media\/216362"}],"wp:attachment":[{"href":"https:\/\/www.europesays.com\/fr\/wp-json\/wp\/v2\/media?parent=216361"}],"wp:term":[{"taxonomy":"category","embeddable":true,"href":"https:\/\/www.europesays.com\/fr\/wp-json\/wp\/v2\/categories?post=216361"},{"taxonomy":"post_tag","embeddable":true,"href":"https:\/\/www.europesays.com\/fr\/wp-json\/wp\/v2\/tags?post=216361"}],"curies":[{"name":"wp","href":"https:\/\/api.w.org\/{rel}","templated":true}]}}