{"id":216373,"date":"2025-06-30T19:05:10","date_gmt":"2025-06-30T19:05:10","guid":{"rendered":"https:\/\/www.europesays.com\/fr\/216373\/"},"modified":"2025-06-30T19:05:10","modified_gmt":"2025-06-30T19:05:10","slug":"lecran-bleu-de-la-mort-de-windows-va-disparaitre-cet-ete","status":"publish","type":"post","link":"https:\/\/www.europesays.com\/fr\/216373\/","title":{"rendered":"L\u2019\u00e9cran bleu \u00ab de la mort \u00bb de Windows va dispara\u00eetre cet \u00e9t\u00e9"},"content":{"rendered":"<p class=\"mb-4 text-lg md:leading-8 break-words\">Le message est apparu pour la premi\u00e8re fois dans les ann\u00e9es 1980. \u00ab Votre ordinateur a rencontr\u00e9 un probl\u00e8me et doit red\u00e9marrer. Nous collectons simplement des informations relatives aux erreurs, puis nous allons red\u00e9marrer l&rsquo;ordinateur. \u00bb Les utilisateurs de Windows \u00e9taient habitu\u00e9s \u00e0 le lire lorsque leur ordinateur rencontrait une erreur. D\u00e8s cet \u00e9t\u00e9, celui-ci n&rsquo;appara\u00eetra cependant plus.<\/p>\n<p class=\"mb-4 text-lg md:leading-8 break-words\">Sobrement surnomm\u00e9 \u00ab \u00e9cran bleu de la mort \u00bb (\u00ab blue screen of death \u00bb ou BSOD en anglais) par les utilisateurs de PC, il \u00e9tait devenu un v\u00e9ritable \u00e9l\u00e9ment de la pop culture, symbole des d\u00e9faillances informatiques. Ces lettres blanches sur fond bleu, accompagn\u00e9es d&rsquo;un smiley triste, avaient \u00e9t\u00e9 mises en ligne d\u00e8s la premi\u00e8re version de Windows, en 1985.<\/p>\n<p>40 ans sur les \u00e9crans<\/p>\n<p class=\"mb-4 text-lg md:leading-8 break-words\">Mais apr\u00e8s quarante ans d&rsquo;existence, il ne sera bient\u00f4t plus. Le visuel montr\u00e9 sera d\u00e9sormais noir, et le smiley m\u00e9content ainsi que le QR code renvoyant vers le site de Microsoft dispara\u00eetront. La d\u00e9cision n&rsquo;est pas esth\u00e9tique : le g\u00e9ant am\u00e9ricain a pr\u00e9cis\u00e9 vouloir \u00ab simplifier l&rsquo;exp\u00e9rience de red\u00e9marrage inattendu \u00bb.<\/p>\n<p class=\"mb-4 text-lg md:leading-8 break-words\">Microsoft is officially retiring Windows&rsquo; Blue Screen of Death, changing its iconic color palette and turning it into the Black Screen of Death.<\/p>\n<p class=\"mb-4 text-lg md:leading-8 break-words\">Et d&rsquo;apr\u00e8s le m\u00e9dia am\u00e9ricai [&#8230;] <a data-i13n=\"cpos:1;pos:1\" href=\"https:\/\/www.lepoint.fr\/high-tech-internet\/l-ecran-bleu-de-la-mort-de-windows-va-disparaitre-cet-ete-30-06-2025-2593307_47.php\" rel=\"nofollow noopener\" target=\"_blank\" data-ylk=\"slk:Lire la suite;cpos:1;pos:1;elm:context_link;itc:0;sec:content-canvas\" class=\"link \">Lire la suite<\/a><\/p>\n","protected":false},"excerpt":{"rendered":"Le message est apparu pour la premi\u00e8re fois dans les ann\u00e9es 1980. \u00ab Votre ordinateur a rencontr\u00e9 un&hellip;\n","protected":false},"author":2,"featured_media":216374,"comment_status":"","ping_status":"","sticky":false,"template":"","format":"standard","meta":{"footnotes":""},"categories":[7],"tags":[6036,35574,35573,1011,27,5533,43,40,41,39,42,44,32088,7474],"class_list":{"0":"post-216373","1":"post","2":"type-post","3":"status-publish","4":"format-standard","5":"has-post-thumbnail","7":"category-sciences-et-technologies","8":"tag-annees-1980","9":"tag-black-screen-of-death","10":"tag-blue-screen-of-death","11":"tag-fr","12":"tag-france","13":"tag-microsoft","14":"tag-science","15":"tag-science-and-technology","16":"tag-sciences","17":"tag-sciences-et-technologies","18":"tag-technologies","19":"tag-technology","20":"tag-windows","21":"tag-windows-11"},"share_on_mastodon":{"url":"https:\/\/pubeurope.com\/@fr\/114773879911154834","error":""},"_links":{"self":[{"href":"https:\/\/www.europesays.com\/fr\/wp-json\/wp\/v2\/posts\/216373","targetHints":{"allow":["GET"]}}],"collection":[{"href":"https:\/\/www.europesays.com\/fr\/wp-json\/wp\/v2\/posts"}],"about":[{"href":"https:\/\/www.europesays.com\/fr\/wp-json\/wp\/v2\/types\/post"}],"author":[{"embeddable":true,"href":"https:\/\/www.europesays.com\/fr\/wp-json\/wp\/v2\/users\/2"}],"replies":[{"embeddable":true,"href":"https:\/\/www.europesays.com\/fr\/wp-json\/wp\/v2\/comments?post=216373"}],"version-history":[{"count":0,"href":"https:\/\/www.europesays.com\/fr\/wp-json\/wp\/v2\/posts\/216373\/revisions"}],"wp:featuredmedia":[{"embeddable":true,"href":"https:\/\/www.europesays.com\/fr\/wp-json\/wp\/v2\/media\/216374"}],"wp:attachment":[{"href":"https:\/\/www.europesays.com\/fr\/wp-json\/wp\/v2\/media?parent=216373"}],"wp:term":[{"taxonomy":"category","embeddable":true,"href":"https:\/\/www.europesays.com\/fr\/wp-json\/wp\/v2\/categories?post=216373"},{"taxonomy":"post_tag","embeddable":true,"href":"https:\/\/www.europesays.com\/fr\/wp-json\/wp\/v2\/tags?post=216373"}],"curies":[{"name":"wp","href":"https:\/\/api.w.org\/{rel}","templated":true}]}}