{"id":216378,"date":"2025-06-30T19:08:09","date_gmt":"2025-06-30T19:08:09","guid":{"rendered":"https:\/\/www.europesays.com\/fr\/216378\/"},"modified":"2025-06-30T19:08:09","modified_gmt":"2025-06-30T19:08:09","slug":"deputes-et-senateurs-trouvent-un-compromis-sur-la-loi-duplomb-incluant-la-reintroduction-dun-pesticide","status":"publish","type":"post","link":"https:\/\/www.europesays.com\/fr\/216378\/","title":{"rendered":"D\u00e9put\u00e9s et s\u00e9nateurs trouvent un compromis sur la loi Duplomb, incluant la r\u00e9introduction d\u2019un pesticide"},"content":{"rendered":"<p>Gr\u00e2ce \u00e0 cet accord, la proposition de loi pourrait achever son parcours parlementaire apr\u00e8s un ultime vote dans les deux chambres sur cette r\u00e9daction de compromis, mercredi au S\u00e9nat puis mardi 8 juillet \u00e0 l\u2019Assembl\u00e9e nationale.<\/p>\n<p class=\"fig-paragraph\">D\u00e9put\u00e9s et s\u00e9nateurs ont abouti lundi \u00e0 un compromis\u00a0<a href=\"http:\/\/www.lefigaro.fr\/sciences\/pesticides-tractations-decisives-au-parlement-ce-lundi-pour-la-loi-duplomb-20250630\" target=\"_blank\" data-fig-type=\"NewsFlash\" rel=\"noopener\" data-gtm-custom-categorie=\"navigation\" data-gtm-custom-action=\"crossclick\" data-gtm-custom-label=\"Contextuel\" data-gtm-event=\"customEventSPE\" data-fig-domain=\"LEFIGARO\">sur une proposition de loi pour lever les \u00abcontraintes\u00bb<\/a> \u00a0\u00e0 l&rsquo;exercice du m\u00e9tier d&rsquo;agriculteur, ouvrant la voie \u00e0 l&rsquo;adoption d\u00e9finitive de ce texte d\u00e9cri\u00e9 \u00e0 gauche pour son volet environnemental, qui pr\u00e9voit notamment\u00a0<a href=\"http:\/\/www.lefigaro.fr\/conjoncture\/qu-est-ce-que-l-acetamipride-ce-pesticide-decrie-dans-la-proposition-de-loi-duplomb-20250526\" target=\"_blank\" data-fig-type=\"NewsFlash\" rel=\"noopener\" data-gtm-custom-categorie=\"navigation\" data-gtm-custom-action=\"crossclick\" data-gtm-custom-label=\"Contextuel\" data-gtm-event=\"customEventSPE\" data-fig-domain=\"LEFIGARO\">la r\u00e9introduction d&rsquo;un pesticide<\/a>.<\/p>\n<p class=\"fig-paragraph\">La commission mixte paritaire (CMP) charg\u00e9e de d\u00e9gager un texte commun aux deux chambres du Parlement a \u00e9t\u00e9 conclusive, ont indiqu\u00e9 \u00e0 l&rsquo;AFP plusieurs participants. La proposition de loi des s\u00e9nateurs Laurent Duplomb (LR) et Franck Menonville (UDI, centre) pourrait donc achever son parcours parlementaire apr\u00e8s un ultime vote dans les deux chambres sur cette r\u00e9daction de compromis, mercredi au S\u00e9nat puis mardi 8 juillet \u00e0 l&rsquo;Assembl\u00e9e nationale.<\/p>\n<p class=\"fig-paragraph\">Plus d\u2019information \u00e0 suivre&#8230;<\/p>\n","protected":false},"excerpt":{"rendered":"Gr\u00e2ce \u00e0 cet accord, la proposition de loi pourrait achever son parcours parlementaire apr\u00e8s un ultime vote dans&hellip;\n","protected":false},"author":2,"featured_media":216379,"comment_status":"","ping_status":"","sticky":false,"template":"","format":"standard","meta":{"footnotes":""},"categories":[4],"tags":[11,416,426,427,422,423,1011,27,418,424,425,420,421,12,419,316,429,25,428],"class_list":{"0":"post-216378","1":"post","2":"type-post","3":"status-publish","4":"format-standard","5":"has-post-thumbnail","7":"category-france","8":"tag-actualites","9":"tag-assemblee-nationale","10":"tag-candidat","11":"tag-candidats","12":"tag-depute","13":"tag-deputes","14":"tag-fr","15":"tag-france","16":"tag-gouvernement","17":"tag-institution","18":"tag-institutions","19":"tag-loi","20":"tag-lois","21":"tag-news","22":"tag-opposition","23":"tag-politique","24":"tag-ps","25":"tag-republique-francaise","26":"tag-ump"},"share_on_mastodon":{"url":"","error":""},"_links":{"self":[{"href":"https:\/\/www.europesays.com\/fr\/wp-json\/wp\/v2\/posts\/216378","targetHints":{"allow":["GET"]}}],"collection":[{"href":"https:\/\/www.europesays.com\/fr\/wp-json\/wp\/v2\/posts"}],"about":[{"href":"https:\/\/www.europesays.com\/fr\/wp-json\/wp\/v2\/types\/post"}],"author":[{"embeddable":true,"href":"https:\/\/www.europesays.com\/fr\/wp-json\/wp\/v2\/users\/2"}],"replies":[{"embeddable":true,"href":"https:\/\/www.europesays.com\/fr\/wp-json\/wp\/v2\/comments?post=216378"}],"version-history":[{"count":0,"href":"https:\/\/www.europesays.com\/fr\/wp-json\/wp\/v2\/posts\/216378\/revisions"}],"wp:featuredmedia":[{"embeddable":true,"href":"https:\/\/www.europesays.com\/fr\/wp-json\/wp\/v2\/media\/216379"}],"wp:attachment":[{"href":"https:\/\/www.europesays.com\/fr\/wp-json\/wp\/v2\/media?parent=216378"}],"wp:term":[{"taxonomy":"category","embeddable":true,"href":"https:\/\/www.europesays.com\/fr\/wp-json\/wp\/v2\/categories?post=216378"},{"taxonomy":"post_tag","embeddable":true,"href":"https:\/\/www.europesays.com\/fr\/wp-json\/wp\/v2\/tags?post=216378"}],"curies":[{"name":"wp","href":"https:\/\/api.w.org\/{rel}","templated":true}]}}