{"id":216382,"date":"2025-06-30T19:10:09","date_gmt":"2025-06-30T19:10:09","guid":{"rendered":"https:\/\/www.europesays.com\/fr\/216382\/"},"modified":"2025-06-30T19:10:09","modified_gmt":"2025-06-30T19:10:09","slug":"le-comite-defaite-ressort-de-sa-boite-pour-un-final-en-fanfare","status":"publish","type":"post","link":"https:\/\/www.europesays.com\/fr\/216382\/","title":{"rendered":"LE COMIT\u00c9 D\u00c9FAITE RESSORT DE SA BO\u00ceTE POUR UN FINAL EN FANFARE !"},"content":{"rendered":"<p>IProfitant de la tenue du conseil municipal, ces militants d\u00e9termin\u00e9s ont organis\u00e9 un rassemblement pour maintenir la pression sur l\u2019\u00e9dile contest\u00e9. L\u2019\u00e9v\u00e9nement s\u2019appuyait habilement sur une d\u00e9claration publique du premier magistrat lors de la s\u00e9ance du 31 mars dernier. \u00c0 cette occasion, Ga\u00ebl Perdriau avait \u00e9voqu\u00e9 l\u2019\u00e9ch\u00e9ance judiciaire \u00e0 venir en promettant que \u00ab\u00a0ce n\u2019est pas pschitt que \u00e7a fera, mais boom !\u00a0\u00bb. Une formule percutante que ses d\u00e9tracteurs ont imm\u00e9diatement r\u00e9cup\u00e9r\u00e9e \u00e0 leur avantage.<\/p>\n<p>Un \u00ab\u00a0pot de d\u00e9part\u00a0\u00bb avant l\u2019heure<\/p>\n<p>Avec leur sens habituel de la d\u00e9rision, <strong><a href=\"https:\/\/42info.fr\/ultime-fete-dadieu-le-comite-defaite-organise-un-pot-de-depart-detonant-pour-gael-perdriau\/\" target=\"_blank\" rel=\"noreferrer noopener nofollow\">les organisateurs avaient lanc\u00e9 une invitation originale aux habitants de la ville. Sous couvert d\u2019un \u00ab\u00a0dernier pot de d\u00e9part\u00a0\u00bb, ils convoquaient les St\u00e9phanois \u00e0 un nouveau rassemblement r\u00e9clamant une \u00e9ni\u00e8me fois le retrait volontaire du maire de ses fonctions<\/a><\/strong>.<\/p>\n<p>Cinquante irr\u00e9ductibles sur le parvis de l\u2019h\u00f4tel de ville<\/p>\n<p>\u00c0 18h30 pr\u00e9cises, une cinquantaine de manifestants s\u2019\u00e9taient donn\u00e9s rendez-vous devant le si\u00e8ge du pouvoir municipal. Cette mobilisation, sans atteindre les sommets d\u2019affluence du pass\u00e9, t\u00e9moignait n\u00e9anmoins de la persistance de l\u2019opposition locale \u00e0 la continuation du mandat de Ga\u00ebl Perdriau.<\/p>\n<p>Les porte-paroles du mouvement ont profit\u00e9 de leur prise de parole publique pour \u00e9voquer l\u2019horizon judiciaire qui se rapproche. Ils ont \u00e9voqu\u00e9 la perspective d\u2019organiser un comit\u00e9 d\u2019accueil lors du futur proc\u00e8s qui se d\u00e9roulera dans la capitale des Gaules, laissant planer l\u2019id\u00e9e d\u2019une mobilisation au-del\u00e0 des fronti\u00e8res st\u00e9phanoises.<\/p>\n<p>Jeux de mots et contrep\u00e8teries : l\u2019art de la raillerie<\/p>\n<p>Reprenant avec malice les termes employ\u00e9s par le maire, les manifestants ont invers\u00e9 le sens de ses propos. Tandis que Perdriau promettait un \u00ab\u00a0boom\u00a0\u00bb retentissant, ses opposants ont pr\u00e9f\u00e9r\u00e9 r\u00e9server les effets sonores \u00e0 leur musique d\u2019ambiance, cantonnant le \u00ab\u00a0pschitt\u00a0\u00bb au d\u00e9bouchage de leurs bouteilles de mousseux.<\/p>\n<p>Slogans rythm\u00e9s et karaok\u00e9 militant<\/p>\n<p>L\u2019ambiance festive \u00e9tait de mise avec des chants scand\u00e9s en ch\u0153ur, reprenant la formule \u00ab\u00a0Pour nous, la f\u00eate, pour Perdriau, la d\u00e9faite\u00a0\u00bb. Cette ritournelle a servi de pr\u00e9lude \u00e0 une s\u00e9ance de karaok\u00e9 improvis\u00e9e, permettant aux participants de reprendre en ch\u0153ur les nombreuses cr\u00e9ations musicales imagin\u00e9es depuis le d\u00e9but de cette saga politique locale.<\/p>\n<p>Depuis le d\u00e9clenchement de l\u2019affaire qui secoue la municipalit\u00e9 st\u00e9phanoise, le collectif a d\u00e9velopp\u00e9 tout un arsenal de chansons parodiques et de refrains contestataires. Cette production cr\u00e9ative t\u00e9moigne de la d\u00e9termination des opposants \u00e0 maintenir leur combat dans la dur\u00e9e, en d\u00e9pit des changements de contexte et des \u00e9volutions de la situation judiciaire.<\/p>\n","protected":false},"excerpt":{"rendered":"IProfitant de la tenue du conseil municipal, ces militants d\u00e9termin\u00e9s ont organis\u00e9 un rassemblement pour maintenir la pression&hellip;\n","protected":false},"author":2,"featured_media":216383,"comment_status":"","ping_status":"","sticky":false,"template":"","format":"standard","meta":{"footnotes":""},"categories":[9653],"tags":[1111,11,2430,35575,1777,674,1011,27,12242,3367,12,25,4001],"class_list":{"0":"post-216382","1":"post","2":"type-post","3":"status-publish","4":"format-standard","5":"has-post-thumbnail","7":"category-saint-etienne","8":"tag-actu","9":"tag-actualites","10":"tag-auvergne-rhone-alpes","11":"tag-conseil-minicipal","12":"tag-eu","13":"tag-europe","14":"tag-fr","15":"tag-france","16":"tag-gael-perdriau","17":"tag-loire","18":"tag-news","19":"tag-republique-francaise","20":"tag-saint-etienne"},"share_on_mastodon":{"url":"https:\/\/pubeurope.com\/@fr\/114773899555131242","error":""},"_links":{"self":[{"href":"https:\/\/www.europesays.com\/fr\/wp-json\/wp\/v2\/posts\/216382","targetHints":{"allow":["GET"]}}],"collection":[{"href":"https:\/\/www.europesays.com\/fr\/wp-json\/wp\/v2\/posts"}],"about":[{"href":"https:\/\/www.europesays.com\/fr\/wp-json\/wp\/v2\/types\/post"}],"author":[{"embeddable":true,"href":"https:\/\/www.europesays.com\/fr\/wp-json\/wp\/v2\/users\/2"}],"replies":[{"embeddable":true,"href":"https:\/\/www.europesays.com\/fr\/wp-json\/wp\/v2\/comments?post=216382"}],"version-history":[{"count":0,"href":"https:\/\/www.europesays.com\/fr\/wp-json\/wp\/v2\/posts\/216382\/revisions"}],"wp:featuredmedia":[{"embeddable":true,"href":"https:\/\/www.europesays.com\/fr\/wp-json\/wp\/v2\/media\/216383"}],"wp:attachment":[{"href":"https:\/\/www.europesays.com\/fr\/wp-json\/wp\/v2\/media?parent=216382"}],"wp:term":[{"taxonomy":"category","embeddable":true,"href":"https:\/\/www.europesays.com\/fr\/wp-json\/wp\/v2\/categories?post=216382"},{"taxonomy":"post_tag","embeddable":true,"href":"https:\/\/www.europesays.com\/fr\/wp-json\/wp\/v2\/tags?post=216382"}],"curies":[{"name":"wp","href":"https:\/\/api.w.org\/{rel}","templated":true}]}}