{"id":216384,"date":"2025-06-30T19:11:10","date_gmt":"2025-06-30T19:11:10","guid":{"rendered":"https:\/\/www.europesays.com\/fr\/216384\/"},"modified":"2025-06-30T19:11:10","modified_gmt":"2025-06-30T19:11:10","slug":"le-cirque-aital-sinstalle-au-parc-francois-mitterrand","status":"publish","type":"post","link":"https:\/\/www.europesays.com\/fr\/216384\/","title":{"rendered":"le cirque A\u00eftal s\u2019installe au parc Fran\u00e7ois Mitterrand"},"content":{"rendered":"<p>Une place entour\u00e9e de caravanes d\u00e9fra\u00eechies, \u00c0 ciel ouvert \u2026 Vous ne verrez rien de l\u2019ext\u00e9rieur. Ouvrez la porte et p\u00e9n\u00e9trez dans ce lieu insolite et foutraque, sorte de campement forain et rural. L\u00e0, entre main \u00e0 main, bascule, pole dance et musique live, un duo livre une poignante d\u00e9claration d\u2019amour au cirque, entre tradition et modernit\u00e9.<\/p>\n<p class=\"note\">Infos\u00a0: du 2 au 6\u00a0juillet \u00e0 21 heures. Parc Fran\u00e7ois Mitterrand. Tarifs\u00a0: de 10 \u00e0 22\u00a0\u20ac. \u00c0 partir de 7 ans. Renseignements\u00a0: www.festivaldes7collines.com<\/p>\n","protected":false},"excerpt":{"rendered":"Une place entour\u00e9e de caravanes d\u00e9fra\u00eechies, \u00c0 ciel ouvert \u2026 Vous ne verrez rien de l\u2019ext\u00e9rieur. Ouvrez la&hellip;\n","protected":false},"author":2,"featured_media":216385,"comment_status":"","ping_status":"","sticky":false,"template":"","format":"standard","meta":{"footnotes":""},"categories":[9653],"tags":[1111,11,2430,1687,7539,1777,674,1011,27,12,25,4001,7538,3140],"class_list":{"0":"post-216384","1":"post","2":"type-post","3":"status-publish","4":"format-standard","5":"has-post-thumbnail","7":"category-saint-etienne","8":"tag-actu","9":"tag-actualites","10":"tag-auvergne-rhone-alpes","11":"tag-culture-loisirs","12":"tag-edition-loire-sud","13":"tag-eu","14":"tag-europe","15":"tag-fr","16":"tag-france","17":"tag-news","18":"tag-republique-francaise","19":"tag-saint-etienne","20":"tag-saint-etienne-ville","21":"tag-spectacle"},"share_on_mastodon":{"url":"https:\/\/pubeurope.com\/@fr\/114773903621299917","error":""},"_links":{"self":[{"href":"https:\/\/www.europesays.com\/fr\/wp-json\/wp\/v2\/posts\/216384","targetHints":{"allow":["GET"]}}],"collection":[{"href":"https:\/\/www.europesays.com\/fr\/wp-json\/wp\/v2\/posts"}],"about":[{"href":"https:\/\/www.europesays.com\/fr\/wp-json\/wp\/v2\/types\/post"}],"author":[{"embeddable":true,"href":"https:\/\/www.europesays.com\/fr\/wp-json\/wp\/v2\/users\/2"}],"replies":[{"embeddable":true,"href":"https:\/\/www.europesays.com\/fr\/wp-json\/wp\/v2\/comments?post=216384"}],"version-history":[{"count":0,"href":"https:\/\/www.europesays.com\/fr\/wp-json\/wp\/v2\/posts\/216384\/revisions"}],"wp:featuredmedia":[{"embeddable":true,"href":"https:\/\/www.europesays.com\/fr\/wp-json\/wp\/v2\/media\/216385"}],"wp:attachment":[{"href":"https:\/\/www.europesays.com\/fr\/wp-json\/wp\/v2\/media?parent=216384"}],"wp:term":[{"taxonomy":"category","embeddable":true,"href":"https:\/\/www.europesays.com\/fr\/wp-json\/wp\/v2\/categories?post=216384"},{"taxonomy":"post_tag","embeddable":true,"href":"https:\/\/www.europesays.com\/fr\/wp-json\/wp\/v2\/tags?post=216384"}],"curies":[{"name":"wp","href":"https:\/\/api.w.org\/{rel}","templated":true}]}}