{"id":216392,"date":"2025-06-30T19:15:13","date_gmt":"2025-06-30T19:15:13","guid":{"rendered":"https:\/\/www.europesays.com\/fr\/216392\/"},"modified":"2025-06-30T19:15:13","modified_gmt":"2025-06-30T19:15:13","slug":"10-nouveaux-pretres-ordonnes-un-contre-courant-dans-une-eglise-en-recul","status":"publish","type":"post","link":"https:\/\/www.europesays.com\/fr\/216392\/","title":{"rendered":"10 nouveaux pr\u00eatres ordonn\u00e9s, un contre-courant dans une \u00c9glise en recul"},"content":{"rendered":"<p>            Par<br \/>\n        <strong><br \/>\n            <a href=\"https:\/\/actu.fr\/auteur\/caroline-canault\" title=\"Consulter tous les articles de Agence de presse APEI\" rel=\"nofollow noopener\" target=\"_blank\">Agence de presse APEI<\/a><br \/>\n        <\/strong><\/p>\n<p>        Publi\u00e9 le<\/p>\n<p>            30 juin 2025 \u00e0 11h02        <\/p>\n<p><strong>10 nouveaux pr\u00eatres<\/strong> ont \u00e9t\u00e9 ordonn\u00e9s au cours d\u2019une messe c\u00e9l\u00e9br\u00e9e \u00e0 10h au Domaine de La Castille, \u00e0 La Crau ce samedi 28 juin 2025. <a href=\"https:\/\/frejustoulon.fr\/\" rel=\"nofollow noopener\" target=\"_blank\">Le dioc\u00e8se de Fr\u00e9jus-Toulon<\/a>, dans <a href=\"https:\/\/actu.fr\/76actu\/\" rel=\"nofollow noopener\" target=\"_blank\">le Var<\/a>, a v\u00e9cu <strong>un moment fort<\/strong> en pr\u00e9sence de nombreux fid\u00e8les, familles, amis et membres du clerg\u00e9. La c\u00e9l\u00e9bration, pr\u00e9sid\u00e9e par Mgr Fran\u00e7ois Touvet, <strong>nouvel \u00e9v\u00eaque du dioc\u00e8se (nomm\u00e9 le 7 janvier 2025)<\/strong>, s\u2019est d\u00e9roul\u00e9e dans une atmosph\u00e8re recueillie et joyeuse.<\/p>\n<p>10 nouveaux pr\u00eatres : une vitalit\u00e9 dioc\u00e9saine qui d\u00e9tonne<\/p>\n<p class=\" wall-content\">Alors que l\u2019\u00c9glise catholique en France conna\u00eet une baisse marqu\u00e9e des vocations, avec seulement 90 pr\u00eatres ordonn\u00e9s cette ann\u00e9e sur l\u2019ensemble du territoire (contre 105 en 2024, 130 en 2023 et 156 en 2022), le dioc\u00e8se de Fr\u00e9jus-Toulon affiche une stabilit\u00e9 remarquable. Il est, avec Paris, l\u2019un des rares dioc\u00e8ses \u00e0 ordonner un nombre aussi \u00e9lev\u00e9 de nouveaux pr\u00eatres en 2025.<\/p>\n<p class=\" wall-content\">Cette situation contraste fortement avec la tendance nationale. D\u2019apr\u00e8s <a href=\"https:\/\/eglise.catholique.fr\/conference-des-eveques-de-france\/\" rel=\"nofollow noopener\" target=\"_blank\">la Conf\u00e9rence des \u00e9v\u00eaques de France,<\/a> le nombre total de pr\u00eatres en activit\u00e9 est pass\u00e9 sous la barre des 10 000, contre plus de 15 000 il y a 20 ans. La moyenne d\u2019\u00e2ge du clerg\u00e9 reste \u00e9lev\u00e9e, et de nombreux dioc\u00e8ses n\u2019ordonnent aucun pr\u00eatre cette ann\u00e9e.<\/p>\n<p>Des vocations nourries localement et au-del\u00e0<\/p>\n<p class=\" wall-content\">Parmi les dix nouveaux pr\u00eatres ordonn\u00e9s \u00e0 La Castille, certains sont <strong>originaires du Var,<\/strong> tandis que d\u2019autres ont rejoint le dioc\u00e8se depuis d\u2019autres r\u00e9gions ou m\u00eame d\u2019autres pays, ayant trouv\u00e9 \u00e0 <strong>Fr\u00e9jus-Toulon un environnement favorable<\/strong> \u00e0 leur discernement et \u00e0 leur formation.\u00a0<\/p>\n<p>Vid\u00e9os : en ce moment sur Actu<\/p>\n<p class=\" wall-content\">Les dix nouveaux pr\u00eatres sont :<\/p>\n<ul class=\" wall-content\">\n<li>Louis Houllegatte, n\u00e9 le 19 septembre 1997 \u00e0 Cherbourg en Normandie<\/li>\n<li>Thomas Duchesne, n\u00e9 le 13 septembre 1996 \u00e0 Ottawa au Canada<\/li>\n<li>Marco Ludwig, n\u00e9 le 3 mars 1998 \u00e0 Brest en Bretagne<\/li>\n<li>Guilhem Weiser, n\u00e9 le 14 ao\u00fbt 1998 \u00e0 Paris<\/li>\n<li>Aymeric Floury, originaire de Bretagne a rejoint le Var en 2015\u00a0<\/li>\n<li>Cesar Alexander Munos Arias, originaire du sud de la Colombie<\/li>\n<li>J\u00e9r\u00e9my Caumont, n\u00e9 le 12 mai 1984 \u00e0 Paris<\/li>\n<li>Ricardo Dias Da Silva, n\u00e9 en 1990 \u00e0 S\u00e3o Paulo au Br\u00e9sil<\/li>\n<li>Joseph Tran Quang Duc, n\u00e9 en 1984 \u00e0 Ha Tinh, au Vietnam<\/li>\n<li>Elvis Castillo, n\u00e9 au P\u00e9rou<\/li>\n<\/ul>\n<p>    <a href=\"https:\/\/www.facebook.com\/plugins\/post.php?href=https%3A%2F%2Fwww.facebook.com%2FDioceseFrejusToulon%2Fposts%2Fpfbid02KS6hbKYyqZsqV9caWW4TfdbhoyvGKVuqhiWSwPBE8i284SZMXMd22YppNyhp2pUGl&amp;show_text=true&amp;width=350\" title=\"Ouvrie le lien\" rel=\"nofollow noopener\" target=\"_blank\">Cliquez ici pour visualiser le contenu<\/a><\/p>\n<p>Une r\u00e9ponse \u00e9cl\u00e9siastique \u00e0 un besoin pressant<\/p>\n<p class=\" wall-content\">Dans un contexte de <strong>p\u00e9nurie de pr\u00eatres \u00e0 l\u2019\u00e9chelle nationale<\/strong>, ces nouvelles ordinations permettent au dioc\u00e8se de maintenir un maillage pastoral plus dense, avec des pr\u00eatres disponibles pour c\u00e9l\u00e9brer les sacrements et mieux accompagner les paroissiens.<\/p>\n<p class=\" wall-content\">La c\u00e9r\u00e9monie, ouverte \u00e0 tous, a rassembl\u00e9 <strong>plusieurs centaines de personnes<\/strong> venues soutenir les ordinands et prier pour leur sacerdoce.\u00a0<\/p>\n<p class=\" wall-content\">Suivez toute l\u2019actualit\u00e9 de vos villes et m\u00e9dias favoris en vous inscrivant \u00e0 <a href=\"https:\/\/moncompte.actu.fr\" title=\"D\u00e9couvez Mon Actu\" rel=\"nofollow noopener\" data-trk=\"{&quot;cta&quot;:{&quot;action&quot;:&quot;https:\\\/\\\/moncompte.actu.fr&quot;,&quot;category&quot;:&quot;mon compte&quot;,&quot;from&quot;:&quot;article footer&quot;,&quot;name&quot;:&quot;Mon actu&quot;,&quot;type&quot;:&quot;cta&quot;}}\" target=\"_blank\">Mon Actu<\/a>.<\/p>\n","protected":false},"excerpt":{"rendered":"Par Agence de presse APEI Publi\u00e9 le 30 juin 2025 \u00e0 11h02 10 nouveaux pr\u00eatres ont \u00e9t\u00e9 ordonn\u00e9s&hellip;\n","protected":false},"author":2,"featured_media":216393,"comment_status":"","ping_status":"","sticky":false,"template":"","format":"standard","meta":{"footnotes":""},"categories":[9619],"tags":[1111,11,1777,674,1011,27,12,20114,882,4020,25,104,2310],"class_list":{"0":"post-216392","1":"post","2":"type-post","3":"status-publish","4":"format-standard","5":"has-post-thumbnail","7":"category-toulon","8":"tag-actu","9":"tag-actualites","10":"tag-eu","11":"tag-europe","12":"tag-fr","13":"tag-france","14":"tag-news","15":"tag-pape-leon-xiv","16":"tag-provence-alpes-cote-dazur","17":"tag-religion","18":"tag-republique-francaise","19":"tag-societe","20":"tag-toulon"},"share_on_mastodon":{"url":"","error":""},"_links":{"self":[{"href":"https:\/\/www.europesays.com\/fr\/wp-json\/wp\/v2\/posts\/216392","targetHints":{"allow":["GET"]}}],"collection":[{"href":"https:\/\/www.europesays.com\/fr\/wp-json\/wp\/v2\/posts"}],"about":[{"href":"https:\/\/www.europesays.com\/fr\/wp-json\/wp\/v2\/types\/post"}],"author":[{"embeddable":true,"href":"https:\/\/www.europesays.com\/fr\/wp-json\/wp\/v2\/users\/2"}],"replies":[{"embeddable":true,"href":"https:\/\/www.europesays.com\/fr\/wp-json\/wp\/v2\/comments?post=216392"}],"version-history":[{"count":0,"href":"https:\/\/www.europesays.com\/fr\/wp-json\/wp\/v2\/posts\/216392\/revisions"}],"wp:featuredmedia":[{"embeddable":true,"href":"https:\/\/www.europesays.com\/fr\/wp-json\/wp\/v2\/media\/216393"}],"wp:attachment":[{"href":"https:\/\/www.europesays.com\/fr\/wp-json\/wp\/v2\/media?parent=216392"}],"wp:term":[{"taxonomy":"category","embeddable":true,"href":"https:\/\/www.europesays.com\/fr\/wp-json\/wp\/v2\/categories?post=216392"},{"taxonomy":"post_tag","embeddable":true,"href":"https:\/\/www.europesays.com\/fr\/wp-json\/wp\/v2\/tags?post=216392"}],"curies":[{"name":"wp","href":"https:\/\/api.w.org\/{rel}","templated":true}]}}