{"id":216394,"date":"2025-06-30T19:16:08","date_gmt":"2025-06-30T19:16:08","guid":{"rendered":"https:\/\/www.europesays.com\/fr\/216394\/"},"modified":"2025-06-30T19:16:08","modified_gmt":"2025-06-30T19:16:08","slug":"feu-vert-pour-linstallation-dun-super-u-avec-un-drive","status":"publish","type":"post","link":"https:\/\/www.europesays.com\/fr\/216394\/","title":{"rendered":"feu vert pour l&rsquo;installation d&rsquo;un Super U avec un drive"},"content":{"rendered":"<p>            Par<br \/>\n        <strong><br \/>\n            <a href=\"https:\/\/actu.fr\/auteur\/metropoop\" title=\"Consulter tous les articles de R\u00e9daction M\u00e9tropolitain\" rel=\"nofollow noopener\" target=\"_blank\">R\u00e9daction M\u00e9tropolitain<\/a><br \/>\n        <\/strong><\/p>\n<p>        Publi\u00e9 le<\/p>\n<p>            30 juin 2025 \u00e0 20h43        <\/p>\n<p>Un <strong>Super U<\/strong> avec un drive de cinq pistes va s\u2019implanter dans la commune de <strong>Grabels,<\/strong>\u00a0aux portes nord de Montpellier, indique la pr\u00e9fecture de l\u2019H\u00e9rault.<\/p>\n<p class=\" wall-content\">La <strong>Commission d\u00e9partementale d\u2019am\u00e9nagement commercial<\/strong> -CDAC- vient, en effet de donner un feu vert \u00e0 l\u2019installation de cette enseigne commerciale alimentaire, non loin de la RD 986, la route de Ganges, dans le quartier de la Valsi\u00e8re.<\/p>\n<p>    <a href=\"https:\/\/www.google.com\/maps\/embed?pb=!1m18!1m12!1m3!1d2273.0994601825637!2d3.8224841688911457!3d43.644434663118204!2m3!1f0!2f0!3f0!3m2!1i1024!2i768!4f13.1!3m3!1m2!1s0x12b6aea9c43f8625%3A0xfb73d28045eb7b7c!2s544%20Rue%20Louis%20Pasteur%2C%2034790%20Grabels!5e0!3m2!1sfr!2sfr!4v1751299615733!5m2!1sfr!2sfr\" title=\"Ouvrie le lien\" rel=\"nofollow noopener\" target=\"_blank\">Cliquez ici pour visualiser le contenu<\/a><\/p>\n<p class=\" wall-content\">La CDAC de l\u2019H\u00e9rault a donn\u00e9 une suite favorable \u00e0 la demande d\u2019autorisation d\u2019exploitation commerciale, formul\u00e9e par la SAS GEJU, repr\u00e9sent\u00e9e par Julien Deljarry pour un projet portant sur la cr\u00e9ation d\u2019un magasin de vente de secteur 1 alimentaire \u00e0 l\u2019enseigne Super U, d\u2019une surface de vente totale de 2\u00a0982\u00a0m\u00b2, et d\u2019un drive compos\u00e9 de 5 pistes d\u2019une surface de 172\u00a0m\u00b2, situ\u00e9 au 544 rue Louis Pasteur, \u00e0 Grabels.<\/p>\n<p class=\" wall-content\">Dominique Schelcher, <strong>PDG de Coop\u00e9rative U depuis 2018<\/strong> est \u00e0 la t\u00eate de\u00a0plus de 1 700 magasins, parmi lesquels des Hyper U et Super U et quelque 73 000 collaborateurs. Ce PDG de 53 ans est aux manettes du quatri\u00e8me distributeur fran\u00e7ais.<\/p>\n<p>Vid\u00e9os : en ce moment sur ActuC\u2019est quoi la CDAC ?<\/p>\n<p class=\" wall-content\">La CDAC donne un avis sur les demandes d\u2019autorisation d\u2019exploitation commerciale pour un am\u00e9nagement commercial, demandes li\u00e9es ou non \u00e0 une demande de permis de construire.\u00a0Les projets n\u2019engendrant pas d\u2019artificialisation des sols ou b\u00e9n\u00e9ficiant d\u2019une d\u00e9rogation, la cr\u00e9ation ou l\u2019extension d\u2019un projet avec une surface de vente sup\u00e9rieure \u00e0 1 000 m\u00b2, ou sur d\u00e9cision de la collectivit\u00e9 \u00e0 300 m\u00b2, n\u00e9cessitent l\u2019obtention pr\u00e9alable d\u2019une autorisation administrative d\u00e9livr\u00e9e par la commission d\u00e9partementale d\u2019am\u00e9nagement commercial.<\/p>\n<p class=\" wall-content\">Suivez toute l\u2019actualit\u00e9 de vos villes et m\u00e9dias favoris en vous inscrivant \u00e0 <a href=\"https:\/\/moncompte.actu.fr\" title=\"D\u00e9couvez Mon Actu\" rel=\"nofollow noopener\" data-trk=\"{&quot;cta&quot;:{&quot;action&quot;:&quot;https:\\\/\\\/moncompte.actu.fr&quot;,&quot;category&quot;:&quot;mon compte&quot;,&quot;from&quot;:&quot;article footer&quot;,&quot;name&quot;:&quot;Mon actu&quot;,&quot;type&quot;:&quot;cta&quot;}}\" target=\"_blank\">Mon Actu<\/a>.<\/p>\n","protected":false},"excerpt":{"rendered":"Par R\u00e9daction M\u00e9tropolitain Publi\u00e9 le 30 juin 2025 \u00e0 20h43 Un Super U avec un drive de cinq&hellip;\n","protected":false},"author":2,"featured_media":216395,"comment_status":"","ping_status":"","sticky":false,"template":"","format":"standard","meta":{"footnotes":""},"categories":[9599],"tags":[1111,11,258,215,33,1777,674,1011,27,2208,12,2680,25],"class_list":{"0":"post-216394","1":"post","2":"type-post","3":"status-publish","4":"format-standard","5":"has-post-thumbnail","7":"category-montpellier","8":"tag-actu","9":"tag-actualites","10":"tag-alimentation","11":"tag-commerce","12":"tag-economie","13":"tag-eu","14":"tag-europe","15":"tag-fr","16":"tag-france","17":"tag-montpellier","18":"tag-news","19":"tag-occitanie","20":"tag-republique-francaise"},"share_on_mastodon":{"url":"https:\/\/pubeurope.com\/@fr\/114773923162344514","error":""},"_links":{"self":[{"href":"https:\/\/www.europesays.com\/fr\/wp-json\/wp\/v2\/posts\/216394","targetHints":{"allow":["GET"]}}],"collection":[{"href":"https:\/\/www.europesays.com\/fr\/wp-json\/wp\/v2\/posts"}],"about":[{"href":"https:\/\/www.europesays.com\/fr\/wp-json\/wp\/v2\/types\/post"}],"author":[{"embeddable":true,"href":"https:\/\/www.europesays.com\/fr\/wp-json\/wp\/v2\/users\/2"}],"replies":[{"embeddable":true,"href":"https:\/\/www.europesays.com\/fr\/wp-json\/wp\/v2\/comments?post=216394"}],"version-history":[{"count":0,"href":"https:\/\/www.europesays.com\/fr\/wp-json\/wp\/v2\/posts\/216394\/revisions"}],"wp:featuredmedia":[{"embeddable":true,"href":"https:\/\/www.europesays.com\/fr\/wp-json\/wp\/v2\/media\/216395"}],"wp:attachment":[{"href":"https:\/\/www.europesays.com\/fr\/wp-json\/wp\/v2\/media?parent=216394"}],"wp:term":[{"taxonomy":"category","embeddable":true,"href":"https:\/\/www.europesays.com\/fr\/wp-json\/wp\/v2\/categories?post=216394"},{"taxonomy":"post_tag","embeddable":true,"href":"https:\/\/www.europesays.com\/fr\/wp-json\/wp\/v2\/tags?post=216394"}],"curies":[{"name":"wp","href":"https:\/\/api.w.org\/{rel}","templated":true}]}}