{"id":216400,"date":"2025-06-30T19:19:29","date_gmt":"2025-06-30T19:19:29","guid":{"rendered":"https:\/\/www.europesays.com\/fr\/216400\/"},"modified":"2025-06-30T19:19:29","modified_gmt":"2025-06-30T19:19:29","slug":"pres-de-rouen-sept-associations-portent-plainte-contre-lusine-basf","status":"publish","type":"post","link":"https:\/\/www.europesays.com\/fr\/216400\/","title":{"rendered":"pr\u00e8s de Rouen, sept associations portent plainte contre l&rsquo;usine BASF"},"content":{"rendered":"<p>            Par<br \/>\n        <strong><br \/>\n            <a href=\"https:\/\/actu.fr\/auteur\/chloe-lentier\" title=\"Consulter tous les articles de Chlo\u00e9 LENTIER\" target=\"_blank\" rel=\"noopener\">Chlo\u00e9 LENTIER<\/a><br \/>\n        <\/strong><\/p>\n<p>        Publi\u00e9 le<\/p>\n<p>            30 juin 2025 \u00e0 17h37        <\/p>\n<p>Un <b>record de pollution<\/b>, des ann\u00e9es de silence et maintenant, un recours en justice. Le mercredi 25 juin 2025, <b>sept associations environnementales<\/b> ont d\u00e9pos\u00e9 une plainte p\u00e9nale contre l\u2019<b>usine BASF<\/b> de <a href=\"https:\/\/actu.fr\/normandie\/saint-aubin-les-elbeuf_76561\" target=\"_blank\" rel=\"noopener\">Saint-Aubin-l\u00e8s-Elbeuf<\/a> (Seine-Maritime), pour \u00ab atteinte \u00e0 l\u2019environnement et mise en danger d\u2019autrui \u00bb.<\/p>\n<p class=\" wall-content\">Le collectif d\u2019associations accuse le <b>site industriel <\/b>d\u2019avoir rejet\u00e9 pendant plus de 25 ans un polluant chimique dangereux dans la Seine : le TFA, un<b> PFAS<\/b> surnomm\u00e9 \u00ab polluant \u00e9ternel \u00bb, utilis\u00e9 pour la fabrication du Fipronil. En parall\u00e8le, elles ont demand\u00e9 au <b>pr\u00e9fet de Seine-Maritime<\/b> d\u2019interdire imm\u00e9diatement \u00e0 l\u2019exploitant tout rejet de TFA.<\/p>\n<p>Des rejets massifs et persistants<\/p>\n<p class=\" wall-content\">Ces derniers mois, des analyses men\u00e9es dans le cadre d\u2019un arr\u00eat\u00e9 minist\u00e9riel de juin 2023 ont r\u00e9v\u00e9l\u00e9 des <b>niveaux extr\u00eamement \u00e9lev\u00e9s<\/b> de PFAS, et notamment de TFA, dans les eaux us\u00e9es de l\u2019usine BASF. Les chiffres font mal aux yeux : jusqu\u2019\u00e0 <b>176 kg de TFA<\/b> d\u00e9vers\u00e9s en <b>une seule journ\u00e9e dans la Seine<\/b> (21 mai 2024) et <b>28 000 \u00b5g\/L de TFA<\/b>, soit 87 kg, rejet\u00e9s en sortie de station d\u2019\u00e9puration deux jours plus tard (23 mai 2024), selon les donn\u00e9es officielles de la Dreal Normandie, un service de la pr\u00e9fecture.<\/p>\n<p class=\" wall-content\">L\u2019usine BASF, qui produit le <b>Fipronil <\/b>(un insecticide interdit \u00e0 l\u2019usage agricole en Europe), rejette quotidiennement dans le fleuve ce <b>r\u00e9sidu hautement persistant<\/b>, class\u00e9 parmi les substances pr\u00e9occupantes \u00e0 l\u2019<b>\u00e9chelle europ\u00e9enne<\/b>.<\/p>\n<blockquote class=\"ac-article-quote wall-content\">\n<p>\u00ab Cela fait 25\u00a0ans que l\u2019on nie les produits, donc on peut imaginer qu\u2019il y a des pollutions historiques qui se sont accumul\u00e9es \u00bb.<\/p>\n<p>Marie-Laure Baron, pr\u00e9sidente du Codef<\/p><\/blockquote>\n<p>Vid\u00e9os : en ce moment sur Actu<\/p>\n<p class=\" wall-content\">\u00ab Les donn\u00e9es ont r\u00e9v\u00e9l\u00e9 que l\u2019usine BASF de Saint-Aubin-l\u00e8s-Elbeuf est la <a href=\"https:\/\/actu.fr\/normandie\/saint-aubin-les-elbeuf_76561\/un-record-francais-de-rejet-de-polluant-eternel-pres-de-rouen-une-association-tire-le-signal-dalarme_62122158.html\" target=\"_blank\" rel=\"noopener\">premi\u00e8re \u00e9mettrice de PFAS au niveau national<\/a> \u00bb, rappelle Marie-Laure Baron, pr\u00e9sidente du Comit\u00e9 de d\u00e9fense de l\u2019environnement de Freneuse et de la Boucle de Seine (Codef).\u00a0<\/p>\n<p>Une lettre ouverte en janvier\u00a02025<\/p>\n<p class=\" wall-content\">En janvier 2025, les associations avaient publi\u00e9 une <b>lettre ouverte<\/b>, pour demander au pr\u00e9fet de Seine-Maritime des mesures urgentes : <b>\u00e9tude de l\u2019impact sanitaire<\/b>, <b>inventaire des pollutions sur l\u2019environnement<\/b>, <b>transparence sur les rejets<\/b>\u2026 Six mois plus tard, aucune r\u00e9ponse. Un silence qui a fini de convaincre les militants de porter l\u2019affaire devant la <b>justice<\/b>.<\/p>\n<p class=\" wall-content\">\u00ab Aujourd\u2019hui, on passe \u00e0 l\u2019\u00e9tape sup\u00e9rieure, r\u00e9sume Marie-Laure Baron. On demande que ce soit BASF qui prennent en charge cette<b> \u00e9tude d\u2019impact\u00a0compl\u00e8te<\/b>, sur la pollution mais aussi sur les effets pour les personnes. C\u2019est une question de <b>sant\u00e9 publique<\/b>. \u00bb<\/p>\n<p>Et la l\u00e9gislation ?<\/p>\n<p data-end=\"799\" class=\" wall-content\">\u00c0 ce jour, le TFA n\u2019est toujours pas class\u00e9 parmi les substances r\u00e9glement\u00e9es au niveau europ\u00e9en, malgr\u00e9 des <b>signaux<\/b> de plus en plus <b>inqui\u00e9tants<\/b>. Issu de la d\u00e9gradation du Fipronil (insecticide dont l\u2019usage agricole est interdit en Europe en raison de sa toxicit\u00e9 \u00e9lev\u00e9e en particulier pour les organismes aquatiques), il est particuli\u00e8rement <b>persistant et mobile<\/b>, capable de contaminer durablement les <b>nappes<\/b> et les <b>cours d\u2019eau<\/b>.<\/p>\n<p data-end=\"799\" class=\" wall-content\">Fin 2023, l\u2019Allemagne a demand\u00e9 qu\u2019il soit reconnu comme <b>substance reprotoxique<\/b> probable, et en 2024, des chercheurs ont alert\u00e9 sur le fait que le TFA remplissait les crit\u00e8res d\u2019une \u00ab <b>menace pour les limites plan\u00e9taires<\/b> \u00bb. Des signaux pris au s\u00e9rieux par Bruxelles, qui a interdit en mai\u00a02025 un autre pesticide, le <b>Fluf\u00e9nacet<\/b>, car lui aussi se d\u00e9grade en TFA.<\/p>\n<p>Les associations tirent la sonnette d\u2019alarme<\/p>\n<p class=\" wall-content\">Derri\u00e8re leur plainte, les associations ciblent plusieurs <b>infractions<\/b> : <b>atteinte \u00e0 la biodiversit\u00e9<\/b>, <b>mise en danger d\u2019autrui<\/b>, <b>pollution des eaux<\/b>. Dans leur communiqu\u00e9, elles rappellent que \u00ab les industriels doivent contr\u00f4ler les risques auxquels ils exposent la population et la biodiversit\u00e9, sans se limiter au respect de la <b>r\u00e9glementation<\/b>, mais en palliant leurs \u00e9ventuelles <b>insuffisances<\/b> \u00bb.<\/p>\n<p class=\" wall-content\">Outre le Codef, la plainte regroupe Les Amis de la Terre Normandie, France Nature Environnement Normandie, Comit\u00e9 de d\u00e9fense de l\u2019environnement de Freneuse et Boucle de Seine, UFC-Que Choisir Rouen et Effet de Serre Toi-M\u00eame.<\/p>\n<p class=\" wall-content\">\u00ab Cette plainte, c\u2019est aussi un <b>message aux habitants<\/b> : ils ont le droit de savoir ce qu\u2019ils respirent, ce qu\u2019ils <b>boivent<\/b>, ce que l\u2019on rejette dans leur fleuve \u00bb, insiste la pr\u00e9sidente du Codef.<\/p>\n<p class=\" wall-content\">Suivez toute l\u2019actualit\u00e9 de vos villes et m\u00e9dias favoris en vous inscrivant \u00e0 <a href=\"https:\/\/moncompte.actu.fr\" title=\"D\u00e9couvez Mon Actu\" rel=\"nofollow noopener\" data-trk=\"{&quot;cta&quot;:{&quot;action&quot;:&quot;https:\\\/\\\/moncompte.actu.fr&quot;,&quot;category&quot;:&quot;mon compte&quot;,&quot;from&quot;:&quot;article footer&quot;,&quot;name&quot;:&quot;Mon actu&quot;,&quot;type&quot;:&quot;cta&quot;}}\" target=\"_blank\">Mon Actu<\/a>.<\/p>\n","protected":false},"excerpt":{"rendered":"Par Chlo\u00e9 LENTIER Publi\u00e9 le 30 juin 2025 \u00e0 17h37 Un record de pollution, des ann\u00e9es de silence&hellip;\n","protected":false},"author":2,"featured_media":216401,"comment_status":"","ping_status":"","sticky":false,"template":"","format":"standard","meta":{"footnotes":""},"categories":[9587],"tags":[1111,11,436,1777,674,1011,27,303,12,5161,1800,25,9590,104],"class_list":{"0":"post-216400","1":"post","2":"type-post","3":"status-publish","4":"format-standard","5":"has-post-thumbnail","7":"category-rouen","8":"tag-actu","9":"tag-actualites","10":"tag-environnement","11":"tag-eu","12":"tag-europe","13":"tag-fr","14":"tag-france","15":"tag-justice","16":"tag-news","17":"tag-normandie","18":"tag-pollution","19":"tag-republique-francaise","20":"tag-rouen","21":"tag-societe"},"share_on_mastodon":{"url":"https:\/\/pubeurope.com\/@fr\/114773935627357007","error":""},"_links":{"self":[{"href":"https:\/\/www.europesays.com\/fr\/wp-json\/wp\/v2\/posts\/216400","targetHints":{"allow":["GET"]}}],"collection":[{"href":"https:\/\/www.europesays.com\/fr\/wp-json\/wp\/v2\/posts"}],"about":[{"href":"https:\/\/www.europesays.com\/fr\/wp-json\/wp\/v2\/types\/post"}],"author":[{"embeddable":true,"href":"https:\/\/www.europesays.com\/fr\/wp-json\/wp\/v2\/users\/2"}],"replies":[{"embeddable":true,"href":"https:\/\/www.europesays.com\/fr\/wp-json\/wp\/v2\/comments?post=216400"}],"version-history":[{"count":0,"href":"https:\/\/www.europesays.com\/fr\/wp-json\/wp\/v2\/posts\/216400\/revisions"}],"wp:featuredmedia":[{"embeddable":true,"href":"https:\/\/www.europesays.com\/fr\/wp-json\/wp\/v2\/media\/216401"}],"wp:attachment":[{"href":"https:\/\/www.europesays.com\/fr\/wp-json\/wp\/v2\/media?parent=216400"}],"wp:term":[{"taxonomy":"category","embeddable":true,"href":"https:\/\/www.europesays.com\/fr\/wp-json\/wp\/v2\/categories?post=216400"},{"taxonomy":"post_tag","embeddable":true,"href":"https:\/\/www.europesays.com\/fr\/wp-json\/wp\/v2\/tags?post=216400"}],"curies":[{"name":"wp","href":"https:\/\/api.w.org\/{rel}","templated":true}]}}