{"id":216406,"date":"2025-06-30T19:22:15","date_gmt":"2025-06-30T19:22:15","guid":{"rendered":"https:\/\/www.europesays.com\/fr\/216406\/"},"modified":"2025-06-30T19:22:15","modified_gmt":"2025-06-30T19:22:15","slug":"les-agriculteurs-bretons-desarmes-face-aux-attaques-de-choucas-des-tours-sur-leurs-cultures","status":"publish","type":"post","link":"https:\/\/www.europesays.com\/fr\/216406\/","title":{"rendered":"Les agriculteurs bretons d\u00e9sarm\u00e9s face aux attaques de choucas des tours sur leurs cultures"},"content":{"rendered":"<p>La juge des r\u00e9f\u00e9r\u00e9s du tribunal administratif de Rennes a suspendu, ce lundi 30 juin 2025, trois des quatre arr\u00eat\u00e9s pr\u00e9fectoraux qui avaient accord\u00e9 de nouvelles d\u00e9rogations aux agriculteurs bretons pour tirer sur les choucas des tours, accus\u00e9s de se livrer \u00e0 des <a href=\"https:\/\/www.letelegramme.fr\/bretagne\/sa-parcelle-de-choux-ravagee-par-les-choucas-le-desarroi-dun-agriculteur-de-taule-6670464.php\" rel=\"nofollow noopener\" target=\"_blank\">attaques massives sur les cultures<\/a>.<\/p>\n<p>Les arr\u00eat\u00e9s pris en mai 2025 dans le Finist\u00e8re, le Morbihan et les C\u00f4tes-d\u2019Armor avaient, en effet, \u00e9t\u00e9 contest\u00e9s par trois associations de protection de l\u2019environnement. Bretagne Vivante &#8211; SEPNB, One Voice et la Ligue de protection des oiseaux (LPO) avaient relev\u00e9 que, dans ces trois d\u00e9partements, respectivement 35,7\u00a0%, 36,7\u00a0% et 65,5\u00a0% de la population de ces oiseaux, class\u00e9s comme esp\u00e8ce prot\u00e9g\u00e9e, avait \u00e9t\u00e9 tu\u00e9e depuis quatre ans.<\/p>\n<p>\u00ab\u00a0L\u2019efficacit\u00e9 des pr\u00e9l\u00e8vements pas d\u00e9montr\u00e9e\u00a0\u00bb<\/p>\n<p>\u00ab\u00a0Les pr\u00e9l\u00e8vements [\u2026] n\u2019interviennent qu\u2019en ultime recours, dans le cas o\u00f9 les d\u00e9g\u00e2ts sont insurmontables pour l\u2019agriculteur, minimisait la pr\u00e9fecture du Finist\u00e8re, devant la juge rennaise. L\u2019ex\u00e9cution en urgence de l\u2019arr\u00eat\u00e9 est justifi\u00e9e par rapport \u00e0 son objectif, \u00e0 savoir la lutte contre les d\u00e9g\u00e2ts agricoles [\u2026] qui interviennent principalement de mai \u00e0 juillet.\u00a0\u00bb<\/p>\n<p>Aucune des solutions alternatives, qui sont test\u00e9es depuis 2021, n\u2019appara\u00eet, par ailleurs, satisfaisante aux yeux des services de l\u2019\u00c9tat pour faire face \u00e0 ces attaques massives de choucas. Mais \u00ab\u00a0l\u2019efficacit\u00e9 des pr\u00e9l\u00e8vements [\u2026] pour pr\u00e9venir les dommages importants aux cultures n\u2019est, elle-m\u00eame, pas d\u00e9montr\u00e9e, en raison des fortes capacit\u00e9s de dispersion et d\u2019adaptation de l\u2019esp\u00e8ce\u00a0\u00bb, objecte la juge des r\u00e9f\u00e9r\u00e9s du tribunal administratif de Rennes, dans une ordonnance en date du 30 juin 2025, qui vient d\u2019\u00eatre rendue publique.<\/p>\n<p>Les initiatives de l\u2019\u00c9tat restent \u00ab\u00a0tr\u00e8s limit\u00e9es\u00a0\u00bb<\/p>\n<p>\u00c0 l\u2019inverse, une \u00e9tude a \u00e9t\u00e9 r\u00e9alis\u00e9e, en mars 2022, par l\u2019universit\u00e9 de Rennes, \u00e0 la demande des services de l\u2019\u00c9tat, souligne-t-elle. Elle concluait que les deux param\u00e8tres principaux, qui sont \u00e0 l\u2019origine de la dynamique d\u00e9mographique des choucas des tours, sont \u00ab\u00a0la disponibilit\u00e9 en substrats de nidification\u00a0\u00bb et \u00ab\u00a0la disponibilit\u00e9 en ressources tropiques de qualit\u00e9\u00a0\u00bb. Dans ces conditions, l\u2019obstruction des chemin\u00e9es par du grillage et une limitation de l\u2019acc\u00e8s aux ressources agricoles apparaissent comme des solutions au probl\u00e8me.<\/p>\n<p>La diminution de la disponibilit\u00e9 en ma\u00efs en hiver, notamment autour des b\u00e2timents et silos agricoles, est consid\u00e9r\u00e9e comme un enjeu central par le Conseil scientifique r\u00e9gional du patrimoine naturel (CSRPN). Or \u00ab\u00a0les initiatives lanc\u00e9es par les services de l\u2019\u00c9tat sont encore, \u00e0 ce jour, rest\u00e9es tr\u00e8s limit\u00e9es\u00a0\u00bb, note la juge. Une seule exp\u00e9rimentation de l\u2019engrillagement des chemin\u00e9es a \u00e9t\u00e9 men\u00e9e dans la commune de Mellac (29), en 2021, et les recommandations agronomiques ont \u00e9t\u00e9 test\u00e9es sur quelques sites seulement\u2026<\/p>\n<p>L\u2019arr\u00eat\u00e9 d\u2019Ille-et-Vilaine pas censur\u00e9<\/p>\n<p>Au final, seul l\u2019arr\u00eat\u00e9 du pr\u00e9fet d\u2019Ille-et-Vilaine a \u00e9chapp\u00e9 \u00e0 sa censure\u00a0: il pr\u00e9voyait la destruction de 3\u00a0% maximum des 8\u00a0346 couples reproducteurs de choucas des tours, d\u00e9nombr\u00e9s dans le d\u00e9partement. Aucune atteinte suffisamment grave n\u2019est donc port\u00e9e aux int\u00e9r\u00eats d\u00e9fendus par les associations de d\u00e9fense de l\u2019environnement.<\/p>\n<p>Le tribunal administratif de Rennes r\u00e9examinera la l\u00e9galit\u00e9 de ces quatre arr\u00eat\u00e9s par le biais d\u2019une formation coll\u00e9giale de trois juges, mais pas avant dix-huit mois \u00e0 deux ans d\u00e9sormais.<\/p>\n","protected":false},"excerpt":{"rendered":"La juge des r\u00e9f\u00e9r\u00e9s du tribunal administratif de Rennes a suspendu, ce lundi 30 juin 2025, trois des&hellip;\n","protected":false},"author":2,"featured_media":216407,"comment_status":"","ping_status":"","sticky":false,"template":"","format":"standard","meta":{"footnotes":""},"categories":[2821],"tags":[1111,11,327,829,2171,436,1777,674,5154,3321,1011,27,848,303,3729,12,584,25],"class_list":{"0":"post-216406","1":"post","2":"type-post","3":"status-publish","4":"format-standard","5":"has-post-thumbnail","7":"category-rennes","8":"tag-actu","9":"tag-actualites","10":"tag-agriculture","11":"tag-bretagne","12":"tag-cotes-darmor","13":"tag-environnement","14":"tag-eu","15":"tag-europe","16":"tag-faune","17":"tag-finistere","18":"tag-fr","19":"tag-france","20":"tag-ille-et-vilaine","21":"tag-justice","22":"tag-morbihan","23":"tag-news","24":"tag-rennes","25":"tag-republique-francaise"},"share_on_mastodon":{"url":"https:\/\/pubeurope.com\/@fr\/114773947747525901","error":""},"_links":{"self":[{"href":"https:\/\/www.europesays.com\/fr\/wp-json\/wp\/v2\/posts\/216406","targetHints":{"allow":["GET"]}}],"collection":[{"href":"https:\/\/www.europesays.com\/fr\/wp-json\/wp\/v2\/posts"}],"about":[{"href":"https:\/\/www.europesays.com\/fr\/wp-json\/wp\/v2\/types\/post"}],"author":[{"embeddable":true,"href":"https:\/\/www.europesays.com\/fr\/wp-json\/wp\/v2\/users\/2"}],"replies":[{"embeddable":true,"href":"https:\/\/www.europesays.com\/fr\/wp-json\/wp\/v2\/comments?post=216406"}],"version-history":[{"count":0,"href":"https:\/\/www.europesays.com\/fr\/wp-json\/wp\/v2\/posts\/216406\/revisions"}],"wp:featuredmedia":[{"embeddable":true,"href":"https:\/\/www.europesays.com\/fr\/wp-json\/wp\/v2\/media\/216407"}],"wp:attachment":[{"href":"https:\/\/www.europesays.com\/fr\/wp-json\/wp\/v2\/media?parent=216406"}],"wp:term":[{"taxonomy":"category","embeddable":true,"href":"https:\/\/www.europesays.com\/fr\/wp-json\/wp\/v2\/categories?post=216406"},{"taxonomy":"post_tag","embeddable":true,"href":"https:\/\/www.europesays.com\/fr\/wp-json\/wp\/v2\/tags?post=216406"}],"curies":[{"name":"wp","href":"https:\/\/api.w.org\/{rel}","templated":true}]}}