{"id":216408,"date":"2025-06-30T19:23:21","date_gmt":"2025-06-30T19:23:21","guid":{"rendered":"https:\/\/www.europesays.com\/fr\/216408\/"},"modified":"2025-06-30T19:23:21","modified_gmt":"2025-06-30T19:23:21","slug":"il-ny-a-pas-de-laxisme-le-procureur-et-le-prefet-defendent-leur-bilan-face-aux-narcotrafiquants","status":"publish","type":"post","link":"https:\/\/www.europesays.com\/fr\/216408\/","title":{"rendered":"\u00ab\u00a0Il n\u2019y a pas de laxisme\u00a0\u00bb\u2026 Le procureur et le pr\u00e9fet d\u00e9fendent leur bilan face aux narcotrafiquants"},"content":{"rendered":"<p>Un exercice rare. Inhabituel m\u00eame. Ce lundi, dans la chaleur de la salle du conseil municipal, deux invit\u00e9s ont ouvert la s\u00e9ance. Convi\u00e9s par la maire de Rennes Nathalie App\u00e9r\u00e9, le procureur de la R\u00e9publique Fr\u00e9d\u00e9ric Teillet et le pr\u00e9fet Amaury de Saint-Quentin ont tent\u00e9 de justifier de leurs efforts pour lutter contre le trafic de stup\u00e9fiants. En proie <a href=\"https:\/\/www.20minutes.fr\/faits_divers\/4153375-20250514-rennes-trois-jeunes-venus-securiser-quartier-villejean-arretes-possession-armes\" class=\"color-ultramarine c-link\" target=\"_blank\" rel=\"noopener\">\u00e0 une flamb\u00e9e de violences sur fond de narcotrafic<\/a>, la capitale bretonne a \u00e9t\u00e9 cibl\u00e9e politiquement, point\u00e9e du doigt pour un suppos\u00e9 laisser-aller.<\/p>\n<p>Ces derni\u00e8res ann\u00e9es, des faits particuli\u00e8rement violents ont choqu\u00e9 la population. Un enfant de 5 ans a \u00e9t\u00e9 touch\u00e9 par balle \u00e0 la t\u00eate. Des jeunes ont \u00e9t\u00e9 tu\u00e9s lors de r\u00e8glements de compte \u00e0 la kalachnikov. Des tentatives d\u2019assassinat ont \u00e9clat\u00e9 en pleine journ\u00e9e, au milieu d\u2019une population sid\u00e9r\u00e9e.<\/p>\n<p>\u00ab\u00a0Rennes n\u2019est pas n\u00e9glig\u00e9e\u00a0\u00bb, assure le pr\u00e9fet<\/p>\n<p>Face aux \u00e9lus du conseil municipal, le pr\u00e9fet et le procureur ont d\u2019abord pr\u00e9sent\u00e9 leur bilan. Le pr\u00e9fet Amaury de Saint-Quentin a vant\u00e9 les efforts de l\u2019\u00c9tat, assurant que \u00ab\u00a0la R\u00e9publique l\u2019emportera\u00a0\u00bb face aux narcotrafiquants. \u00ab\u00a0Le nombre de policiers a progress\u00e9 de mani\u00e8re significative en Ille-et-Vilaine. Rennes n\u2019est pas n\u00e9glig\u00e9e. Nous ne d\u00e9faussons pas. Vous pouvez compter sur nous\u00a0\u00bb, a assur\u00e9 le pr\u00e9fet. Insuffisant pour convaincre les \u00e9lus, dont certains tr\u00e8s remont\u00e9s. \u00ab\u00a0Nous avons besoin de forces de police encore plus nombreuses\u00a0\u00bb, a regrett\u00e9 Honor\u00e9 Puil, du Parti radical de gauche. \u00ab\u00a0A Paris, on n\u2019entend pas. Ou on ne veut pas entendre\u00a0\u00bb, a ajout\u00e9 Yannick Nadesan, pr\u00e9sident du groupe communiste.<\/p>\n<\/p>\n<p>Tous portent la voix des policiers rennais, qui s\u2019estiment sous-dot\u00e9s pour assurer la s\u00e9curit\u00e9 des habitants. \u00ab\u00a0Rennes a besoin d\u2019un pacte de s\u00e9curit\u00e9\u00a0\u00bb, a demand\u00e9 l\u2019\u00e9lu d\u2019opposition Charles Compagnon, qui \u00e9tait dans le Subway de Kennedy <a href=\"https:\/\/www.20minutes.fr\/faits_divers\/faits-divers-rennes\/4149321-20250418-rennes-jeunes-criaient-temoin-fusillade-subway-elu-raconte-violence-scene\" class=\"color-ultramarine c-link\" target=\"_blank\" rel=\"noopener\">o\u00f9 des tirs avaient retenti en avril<\/a>. \u00ab\u00a0Rennes n\u2019est pas oubli\u00e9e. Nous obtenons l\u2019arriv\u00e9e d\u2019effectifs quand d\u2019autres n\u2019en ont pas\u00a0\u00bb, a r\u00e9pondu le pr\u00e9fet, qui a promis que des policiers seraient affect\u00e9s \u00e0 Rennes d\u2019ici la fin de l\u2019ann\u00e9e et m\u00eame \u00ab\u00a0avant la fin de l\u2019\u00e9t\u00e9\u00a0\u00bb.<\/p>\n<p>Vingt mois avant une convocation<\/p>\n<p>La prise de parole du procureur de la R\u00e9publique s\u2019est davantage concentr\u00e9e sur les besoins judiciaires, qui sont eux aussi colossaux. Fr\u00e9d\u00e9ric Teillet s\u2019est f\u00e9licit\u00e9 que \u00ab\u00a0100\u00a0% des auteurs impliqu\u00e9s dans les r\u00e8glements de compte depuis l\u2019\u00e9t\u00e9\u00a02024 ont \u00e9t\u00e9 interpell\u00e9s et incarc\u00e9r\u00e9s\u00a0\u00bb, tout en refusant tout \u00ab\u00a0triomphalisme\u00a0\u00bb. \u00ab\u00a0Il n\u2019y a pas de laxisme judiciaire. Dans le cadre des tirs sur la place du Banat (Le Blosne), on a cumul\u00e9 vingt-sept ann\u00e9es de prison pour les personnes mises en cause.\u00a0\u00bb<\/p>\n<p><img decoding=\"async\" alt=\"Des tirs en rafale avaient r\u00e9veill\u00e9 la place de Banat et le quartier du Blosne en mars 2024 sur fond de trafic de stup\u00e9fiants. \" class=\"c-img\" loading=\"lazy\" fetchpriority=\"auto\" width=\"718\"  src=\"https:\/\/img.20mn.fr\/TocUgGrYRZmSg3wZ5tMKHSk\/718x0\" \/>Des tirs en rafale avaient r\u00e9veill\u00e9 la place de Banat et le quartier du Blosne en mars 2024 sur fond de trafic de stup\u00e9fiants. \u2002-\u00a0C. Allain\/20 Minutes<\/p>\n<p>Le probl\u00e8me de sa juridiction, c\u2019est le probl\u00e8me de toute la justice fran\u00e7aise\u00a0: juger dans des d\u00e9lais d\u00e9cents. \u00ab\u00a0Le d\u00e9lai de convocation, c\u2019est vingt mois. \u00c7a veut dire qu\u2019un trafiquant qu\u2019on interpelle aujourd\u2019hui, <a href=\"https:\/\/www.20minutes.fr\/justice\/4072597-20240125-prud-hommes-etat-condamne-delais-jugement-trop-longs-plus-1-000-affaires\" class=\"color-ultramarine c-link\" target=\"_blank\" rel=\"noopener\">il sera convoqu\u00e9 au tribunal en f\u00e9vrier\u00a02027<\/a>. Ce n\u2019est pas une r\u00e9ponse. C\u2019est insatisfaisant pour nous, pour les victimes, pour les policiers et gendarmes qui enqu\u00eatent.\u00a0\u00bb Et qui retrouveront ce m\u00eame gamin au m\u00eame endroit le lendemain matin. Mais pour r\u00e9gler ce probl\u00e8me qui ne concerne pas que Rennes, la France n\u2019a pas trouv\u00e9 la solution.<\/p>\n","protected":false},"excerpt":{"rendered":"Un exercice rare. Inhabituel m\u00eame. Ce lundi, dans la chaleur de la salle du conseil municipal, deux invit\u00e9s&hellip;\n","protected":false},"author":2,"featured_media":216409,"comment_status":"","ping_status":"","sticky":false,"template":"","format":"standard","meta":{"footnotes":""},"categories":[2821],"tags":[1111,47,11,829,17489,1777,674,1011,27,3832,10909,813,10736,12,15860,1072,5511,584,25,656,104],"class_list":{"0":"post-216408","1":"post","2":"type-post","3":"status-publish","4":"format-standard","5":"has-post-thumbnail","7":"category-rennes","8":"tag-actu","9":"tag-actualite","10":"tag-actualites","11":"tag-bretagne","12":"tag-dealer","13":"tag-eu","14":"tag-europe","15":"tag-fr","16":"tag-france","17":"tag-fusillade","18":"tag-kalachnikov","19":"tag-narcotrafiquants","20":"tag-nathalie-appere","21":"tag-news","22":"tag-parquet","23":"tag-police","24":"tag-procureur","25":"tag-rennes","26":"tag-republique-francaise","27":"tag-securite","28":"tag-societe"},"share_on_mastodon":{"url":"https:\/\/pubeurope.com\/@fr\/114773951415931209","error":""},"_links":{"self":[{"href":"https:\/\/www.europesays.com\/fr\/wp-json\/wp\/v2\/posts\/216408","targetHints":{"allow":["GET"]}}],"collection":[{"href":"https:\/\/www.europesays.com\/fr\/wp-json\/wp\/v2\/posts"}],"about":[{"href":"https:\/\/www.europesays.com\/fr\/wp-json\/wp\/v2\/types\/post"}],"author":[{"embeddable":true,"href":"https:\/\/www.europesays.com\/fr\/wp-json\/wp\/v2\/users\/2"}],"replies":[{"embeddable":true,"href":"https:\/\/www.europesays.com\/fr\/wp-json\/wp\/v2\/comments?post=216408"}],"version-history":[{"count":0,"href":"https:\/\/www.europesays.com\/fr\/wp-json\/wp\/v2\/posts\/216408\/revisions"}],"wp:featuredmedia":[{"embeddable":true,"href":"https:\/\/www.europesays.com\/fr\/wp-json\/wp\/v2\/media\/216409"}],"wp:attachment":[{"href":"https:\/\/www.europesays.com\/fr\/wp-json\/wp\/v2\/media?parent=216408"}],"wp:term":[{"taxonomy":"category","embeddable":true,"href":"https:\/\/www.europesays.com\/fr\/wp-json\/wp\/v2\/categories?post=216408"},{"taxonomy":"post_tag","embeddable":true,"href":"https:\/\/www.europesays.com\/fr\/wp-json\/wp\/v2\/tags?post=216408"}],"curies":[{"name":"wp","href":"https:\/\/api.w.org\/{rel}","templated":true}]}}