{"id":216410,"date":"2025-06-30T19:24:17","date_gmt":"2025-06-30T19:24:17","guid":{"rendered":"https:\/\/www.europesays.com\/fr\/216410\/"},"modified":"2025-06-30T19:24:17","modified_gmt":"2025-06-30T19:24:17","slug":"alsace-les-itineraires-medievaux-du-festival-voix-et-route-romane-a-partir-du-28-aout","status":"publish","type":"post","link":"https:\/\/www.europesays.com\/fr\/216410\/","title":{"rendered":"Alsace. Les itin\u00e9raires m\u00e9di\u00e9vaux du festival Voix et route romane \u00e0 partir du 28 ao\u00fbt"},"content":{"rendered":"<p>\u00ab\u00a0Faire de ce festival une v\u00e9ritable f\u00eate, en proposant des exp\u00e9riences et des immersions nouvelles \u00e0 cheval entre patrimoine et spectacle vivant\u00a0\u00bb\u00a0: tel est le credo de son directeur artistique, Beno\u00eet Haller. Autour des concerts de musique du Moyen \u00c2ge dans certains \u00e9difices de la Route romane d\u2019Alsace, qui forment le noyau de l\u2019\u00e9v\u00e9nement, sont ainsi propos\u00e9es des activit\u00e9s (d\u00e9gustation, visites, ateliers d\u2019enluminure, de vitrail,\u00a0etc.) permettant de \u00ab\u00a0d\u00e9couvrir diff\u00e9remment les artistes et les richesses du&#8230;<\/p>\n","protected":false},"excerpt":{"rendered":"\u00ab\u00a0Faire de ce festival une v\u00e9ritable f\u00eate, en proposant des exp\u00e9riences et des immersions nouvelles \u00e0 cheval entre&hellip;\n","protected":false},"author":2,"featured_media":216411,"comment_status":"","ping_status":"","sticky":false,"template":"","format":"standard","meta":{"footnotes":""},"categories":[2820],"tags":[1111,11,2389,1687,5644,2880,1777,674,107,1011,27,775,873,12,25,640,2879],"class_list":{"0":"post-216410","1":"post","2":"type-post","3":"status-publish","4":"format-standard","5":"has-post-thumbnail","7":"category-strasbourg","8":"tag-actu","9":"tag-actualites","10":"tag-alsace","11":"tag-culture-loisirs","12":"tag-edition-saverne-sarre-union","13":"tag-edition-strasbourg","14":"tag-eu","15":"tag-europe","16":"tag-fil-info","17":"tag-fr","18":"tag-france","19":"tag-grand-est","20":"tag-musique","21":"tag-news","22":"tag-republique-francaise","23":"tag-strasbourg","24":"tag-strasbourg-ville"},"share_on_mastodon":{"url":"https:\/\/pubeurope.com\/@fr\/114773954608849936","error":""},"_links":{"self":[{"href":"https:\/\/www.europesays.com\/fr\/wp-json\/wp\/v2\/posts\/216410","targetHints":{"allow":["GET"]}}],"collection":[{"href":"https:\/\/www.europesays.com\/fr\/wp-json\/wp\/v2\/posts"}],"about":[{"href":"https:\/\/www.europesays.com\/fr\/wp-json\/wp\/v2\/types\/post"}],"author":[{"embeddable":true,"href":"https:\/\/www.europesays.com\/fr\/wp-json\/wp\/v2\/users\/2"}],"replies":[{"embeddable":true,"href":"https:\/\/www.europesays.com\/fr\/wp-json\/wp\/v2\/comments?post=216410"}],"version-history":[{"count":0,"href":"https:\/\/www.europesays.com\/fr\/wp-json\/wp\/v2\/posts\/216410\/revisions"}],"wp:featuredmedia":[{"embeddable":true,"href":"https:\/\/www.europesays.com\/fr\/wp-json\/wp\/v2\/media\/216411"}],"wp:attachment":[{"href":"https:\/\/www.europesays.com\/fr\/wp-json\/wp\/v2\/media?parent=216410"}],"wp:term":[{"taxonomy":"category","embeddable":true,"href":"https:\/\/www.europesays.com\/fr\/wp-json\/wp\/v2\/categories?post=216410"},{"taxonomy":"post_tag","embeddable":true,"href":"https:\/\/www.europesays.com\/fr\/wp-json\/wp\/v2\/tags?post=216410"}],"curies":[{"name":"wp","href":"https:\/\/api.w.org\/{rel}","templated":true}]}}