{"id":216414,"date":"2025-06-30T19:26:09","date_gmt":"2025-06-30T19:26:09","guid":{"rendered":"https:\/\/www.europesays.com\/fr\/216414\/"},"modified":"2025-06-30T19:26:09","modified_gmt":"2025-06-30T19:26:09","slug":"une-partie-des-employes-dikea-a-nouveau-en-greve-ce-mardi-a-nice-mais-le-magasin-reste-ouvert","status":"publish","type":"post","link":"https:\/\/www.europesays.com\/fr\/216414\/","title":{"rendered":"Une partie des employ\u00e9s d\u2019Ikea \u00e0 nouveau en gr\u00e8ve ce mardi \u00e0 Nice, mais le magasin reste ouvert"},"content":{"rendered":"<p>Faute de r\u00e9sultats, <a href=\"https:\/\/www.nicematin.com\/greve-mouvements-sociaux\/en-raison-d-une-greve-l-ikea-de-nice-saint-isidore-est-ferme-a-partir-de-ce-samedi-matin-990079\" target=\"_blank\" rel=\"noopener\">trois semaines apr\u00e8s un premier d\u00e9brayage<\/a> (1), les gr\u00e9vistes d\u2019Ikea remettent le couvert.<\/p>\n<p>L\u2019intersyndicale form\u00e9e par la CGT, FO et la CFDT a lanc\u00e9 un appel \u00e0 la gr\u00e8ve g\u00e9n\u00e9rale pour les 10.500 salari\u00e9s fran\u00e7ais du groupe su\u00e9dois, dans pr\u00e8s de 40 magasins, dont celui de Nice Saint-Isidore.<\/p>\n<p>Ce mardi, \u00e0 partir de 8 heures, une partie des employ\u00e9s se r\u00e9unira donc sur le parvis de la grande enseigne qui restera cependant ouverte.<\/p>\n<p>\u00ab\u00a0La direction se d\u00e9brouille toujours pour faire tourner la boutique. On parle du leader mondial de l\u2019ameublement. Il ne faut pas perdre d\u2019argent! \u00c0 tel point, qu\u2019on nous refuse toute augmentation collective, tacle Marie-Th\u00e9r\u00e8se Alles d\u00e9l\u00e9gu\u00e9e syndicale CFDT. Nos acquis sociaux sont m\u00e9thodiquement remis en cause, la direction a supprim\u00e9 la journ\u00e9e de solidarit\u00e9 offerte ainsi que notre prime variable, d\u00e9sormais conditionn\u00e9e \u00e0 des objectifs inatteignables. Entre l\u2019an dernier et cette ann\u00e9e, le non-versement de cette prime va permettre au groupe d\u2019\u00e9conomiser pr\u00e8s de 45 millions d\u2019euros. Rien d\u2019\u00e9tonnant \u00e0 ce que l\u2019entreprise enregistre des b\u00e9n\u00e9fices historiques (410 millions attendus pour 2025).\u00a0\u00bb<\/p>\n<p>De son c\u00f4t\u00e9, la direction observe que \u00ab\u00a0les r\u00e9unions de n\u00e9gociations annuelles obligatoires se sont d\u00e9roul\u00e9es conform\u00e9ment au calendrier social.\u202f\u00c0 l\u2019issue de la 4e journ\u00e9e de n\u00e9gociation pour Meubles Ikea France, la direction a soumis aux partenaires sociaux sa derni\u00e8re proposition de budget s\u2019\u00e9levant \u00e0 2%.\u00a0\u00bb<\/p>\n<p>Le groupe estime ainsi rester \u00ab\u00a0engag\u00e9 pour r\u00e9compenser la contribution de (ses) collaborateurs en valorisant leur expertise et leur performance au service du d\u00e9veloppement d\u2019Ikea\u00a0\u00bb.<\/p>\n<p>(1) Le samedi 14 juin, l\u2019ensemble des services \u00e9tait repr\u00e9sent\u00e9 sur le piquet de gr\u00e8ve o\u00f9 une cinquantaine d\u2019employ\u00e9s \u00e9tait r\u00e9unie, selon la CFDT.<\/p>\n","protected":false},"excerpt":{"rendered":"Faute de r\u00e9sultats, trois semaines apr\u00e8s un premier d\u00e9brayage (1), les gr\u00e9vistes d\u2019Ikea remettent le couvert. L\u2019intersyndicale form\u00e9e&hellip;\n","protected":false},"author":2,"featured_media":216415,"comment_status":"","ping_status":"","sticky":false,"template":"","format":"standard","meta":{"footnotes":""},"categories":[2819],"tags":[1111,11,1777,674,1011,27,802,12,2401,882,25,801],"class_list":{"0":"post-216414","1":"post","2":"type-post","3":"status-publish","4":"format-standard","5":"has-post-thumbnail","7":"category-nice","8":"tag-actu","9":"tag-actualites","10":"tag-eu","11":"tag-europe","12":"tag-fr","13":"tag-france","14":"tag-greves-et-mouvements-sociaux","15":"tag-news","16":"tag-nice","17":"tag-provence-alpes-cote-dazur","18":"tag-republique-francaise","19":"tag-social"},"share_on_mastodon":{"url":"https:\/\/pubeurope.com\/@fr\/114773962520333766","error":""},"_links":{"self":[{"href":"https:\/\/www.europesays.com\/fr\/wp-json\/wp\/v2\/posts\/216414","targetHints":{"allow":["GET"]}}],"collection":[{"href":"https:\/\/www.europesays.com\/fr\/wp-json\/wp\/v2\/posts"}],"about":[{"href":"https:\/\/www.europesays.com\/fr\/wp-json\/wp\/v2\/types\/post"}],"author":[{"embeddable":true,"href":"https:\/\/www.europesays.com\/fr\/wp-json\/wp\/v2\/users\/2"}],"replies":[{"embeddable":true,"href":"https:\/\/www.europesays.com\/fr\/wp-json\/wp\/v2\/comments?post=216414"}],"version-history":[{"count":0,"href":"https:\/\/www.europesays.com\/fr\/wp-json\/wp\/v2\/posts\/216414\/revisions"}],"wp:featuredmedia":[{"embeddable":true,"href":"https:\/\/www.europesays.com\/fr\/wp-json\/wp\/v2\/media\/216415"}],"wp:attachment":[{"href":"https:\/\/www.europesays.com\/fr\/wp-json\/wp\/v2\/media?parent=216414"}],"wp:term":[{"taxonomy":"category","embeddable":true,"href":"https:\/\/www.europesays.com\/fr\/wp-json\/wp\/v2\/categories?post=216414"},{"taxonomy":"post_tag","embeddable":true,"href":"https:\/\/www.europesays.com\/fr\/wp-json\/wp\/v2\/tags?post=216414"}],"curies":[{"name":"wp","href":"https:\/\/api.w.org\/{rel}","templated":true}]}}