{"id":216416,"date":"2025-06-30T19:27:11","date_gmt":"2025-06-30T19:27:11","guid":{"rendered":"https:\/\/www.europesays.com\/fr\/216416\/"},"modified":"2025-06-30T19:27:11","modified_gmt":"2025-06-30T19:27:11","slug":"enquete-sur-lorganisation-devenements-a-nice-deja-12-heures-de-garde-a-vue-pour-christian-estrosi-et-son-epouse","status":"publish","type":"post","link":"https:\/\/www.europesays.com\/fr\/216416\/","title":{"rendered":"Enqu\u00eate sur l&rsquo;organisation d&rsquo;\u00e9v\u00e9nements \u00e0 Nice: d\u00e9j\u00e0 12 heures de garde \u00e0 vue pour Christian Estrosi et son \u00e9pouse"},"content":{"rendered":"<p>6h30 ce lundi, Christian Estrosi et son \u00e9pouse Laura Tenoudji quittent Nice en voiture. Ils sont tous deux convoqu\u00e9s \u00e0 Fr\u00e9jus (Var), par <a href=\"https:\/\/www.nicematin.com\/faits-de-societe\/enquete-sur-l-organisation-d-evenements-a-nice-le-couple-estrosi-et-delphine-ernotte-en-garde-a-vue-992325\" rel=\"nofollow noopener\" target=\"_blank\">les gendarmes de la Section de recherche<\/a> charg\u00e9s d\u2019enqu\u00eater sur une potentielle \u00a0\u00bb prise ill\u00e9gale d\u2019int\u00e9r\u00eat\u00a0\u00bb du couple. Leurs avocats les accompagnent. Mes Matthias Chichportich pour le maire de Nice, et Marie-Alix Canu-Bernard, pour la salari\u00e9e de France T\u00e9l\u00e9visions.<\/p>\n<p>Dans le m\u00eame temps, la patronne du groupe audiovisuel, Delphine Ernotte, a, elle, \u00e9t\u00e9 convoqu\u00e9e \u00e0 Marseille, si\u00e8ge de la juridiction interr\u00e9gionale sp\u00e9cialis\u00e9e qui a repris ce dossier judiciaire \u00e0 tiroirs initi\u00e9, fin 2023, par le parquet de Nice \u00e0 la suite de deux signalements distincts. Le patron de CMA Media et directeur de La Tribune, Jean-Christophe Tortora, a, lui aussi, \u00e9t\u00e9 pri\u00e9 de se pr\u00e9senter devant les gendarmes. Douze heures plus tard son t\u00e9l\u00e9phone portable est toujours sur messagerie.<\/p>\n<p>Car voil\u00e0 douze heures d\u00e9j\u00e0 que l\u2019ensemble des protagonistes de cette double affaire sont en garde \u00e0 vue. Elle concerne deux \u00e9v\u00e9nements organis\u00e9s \u00e0 Nice en 2023. Le Nice climate summit, les 28 et 29 septembre, dont La Tribune \u00e9tait le partenaire principal, et l\u2019organisation par France T\u00e9l\u00e9visions, toujours dans la capitale azur\u00e9enne, du 24e concours de l\u2019Eurovision juniors le 20 novembre.<\/p>\n<p>Deux manifestations au programme desquelles le nom de Laura Tenoudji-Estrosi apparaissait. La journaliste devait animer deux tables rondes du Nice climate summit, avant d\u2019y renoncer face \u00e0 la pol\u00e9mique soulev\u00e9e par cette participation.<\/p>\n<p>Et la chroniqueuse de l\u2019\u00e9mission T\u00e9l\u00e9matin avait copr\u00e9sent\u00e9 la c\u00e9r\u00e9monie d\u2019ouverture de l\u2019Eurovision juniors organis\u00e9e \u00e0 l\u2019h\u00f4tel Negresco\u2026 dans la ville administr\u00e9e par son \u00e9poux. Et alors que des financements publics avaient \u00e9t\u00e9 allou\u00e9s \u00e0 ces deux \u00e9v\u00e9nements par les collectivit\u00e9s publiques que pr\u00e9side Christian Estrosi.<\/p>\n<p>Presque un million d\u2019euros d\u2019aides municipales<\/p>\n<p>Cumul\u00e9es, les subventions accord\u00e9es aux deux \u00e9v\u00e9nements par la municipalit\u00e9 ni\u00e7oise flirtent avec le million d\u2019euros.<\/p>\n<p>Dans leur signalement au parquet, les trois \u00e9lus d\u2019opposition du groupe \u00e9cologiste d\u00e9taillaient le montant des subsides publics vot\u00e9s pour le Nice climate summit: \u00ab\u00a0une aide directe de 171.175 euros et une aide indirecte de 150.000 euros\u00a0\u00bb, avalis\u00e9es par la d\u00e9lib\u00e9ration n\u00b0 3.2 du conseil municipal du 14 juin 2023.<\/p>\n<p>Le compte rendu de s\u00e9ance pr\u00e9cisait que \u00ab\u00a0Christian Estrosi n\u2019a pas pris part au vote\u00a0\u00bb. Une mention qualifi\u00e9e de \u00ab\u00a0mensong\u00e8re\u00a0\u00bb par les trois opposants qui affirment dans leur signalement que le maire de Nice \u00ab\u00a0n\u2019a pas quitt\u00e9 la s\u00e9ance et ne s\u2019est pas d\u00e9port\u00e9\u00a0\u00bb ce jour-l\u00e0.<\/p>\n<p>Leur missive au procureur de la R\u00e9publique de Nice, dat\u00e9e du 27 septembre 2023, avait \u00e9t\u00e9 suivie d\u2019une autre, \u00e9manant cette fois d\u2019un fonctionnaire de l\u2019administration municipale. Ce \u00ab\u00a0lanceur d\u2019alerte\u00a0\u00bb invoquait lui aussi l\u2019article 40 qui fait obligation \u00e0 tout agent public de porter \u00e0 la connaissance de la justice tout d\u00e9lit dont il serait le t\u00e9moin.<\/p>\n<p>En l\u2019occurrence une autre potentielle prise ill\u00e9gale d\u2019int\u00e9r\u00eat, concernant, cette fois, l\u2019organisation de l\u2019Eurovision junior qui avait pris ses quartiers \u00e0 Nice le mois suivant. L\u00e0 encore, l\u2019\u00e9v\u00e9nement a profit\u00e9 de subventions: 605.000 euros dont environ la moiti\u00e9 sous forme d\u2019aide directe. C\u2019est-\u00e0-dire en argent sonnant et tr\u00e9buchant, puis\u00e9 dans le budget municipal, et le reste sous forme de prestations non factur\u00e9es.<\/p>\n<p>\u00ab\u00a0Dans le cadre de mon travail\u00a0\u00bb, selon Laura Tenoudji-Estrosi<\/p>\n<p>Faut-il y voir un potentiel conflit d\u2019int\u00e9r\u00eats? La chroniqueuse web de l\u2019\u00e9mission T\u00e9l\u00e9matin depuis le d\u00e9but des ann\u00e9es 2000 s\u2019en d\u00e9fend. Laura Tenoudji n\u2019avait pas h\u00e9sit\u00e9 \u00e0 qualifier de \u00ab\u00a0ridicules\u00a0\u00bb ces accusations dans une interview accord\u00e9e \u00e0 Nice-Matin en d\u00e9cembre 2023.<\/p>\n<p>L\u2019\u00e9pouse du maire de Nice expliquait alors n\u2019avoir tir\u00e9 aucun profit personnel de ces deux manifestations. \u00ab\u00a0S\u2019agissant du Nice climate summit, d\u00e9clarait-elle \u00e0 l\u2019\u00e9poque, La Tribune [co-organisateur du sommet] m\u2019a demand\u00e9 d\u2019animer deux tables rondes. Parce que j\u2019avais d\u00e9j\u00e0 collabor\u00e9 avec ce journal, que c\u2019\u00e9tait \u00e0 Nice et que j\u2019\u00e9tais dans mon \u00e9cosyst\u00e8me, \u00e0 savoir tout ce qui touche \u00e0 l\u2019innovation et \u00e0 l\u2019environnement. Mais c\u2019\u00e9tait \u00e0 titre b\u00e9n\u00e9vole! Il ne pouvait donc y avoir le moindre conflit d\u2019int\u00e9r\u00eats.\u00a0\u00bb<\/p>\n<p>Pas plus d\u2019ailleurs pour la co-animation de l\u2019Eurovision juniors diffus\u00e9e par France T\u00e9l\u00e9visions dont elle est salari\u00e9e depuis \u00ab\u00a0plus de vingt ans\u00a0\u00bb. C\u2019est \u00e0 ce titre que son employeur l\u2019aurait sollicit\u00e9e \u00ab\u00a0trois semaines avant\u00a0\u00bb pour qu\u2019elle participe \u00e0 l\u2019\u00e9mission. \u00ab\u00a0Je ne vois pas comment j\u2019aurais pu refuser, r\u00e9torquait \u00e0 l\u2019occasion de cet entretien la journaliste. C\u2019\u00e9tait dans le cadre de mon travail. Il n\u2019y a pas eu d\u2019avenant \u00e0 mon contrat. Et d\u2019ailleurs, \u00e0 l\u2019\u00e9poque, toutes les v\u00e9rifications avaient \u00e9t\u00e9 faites par France T\u00e9l\u00e9visions pour s\u2019assurer qu\u2019il n\u2019y ait justement pas de conflit d\u2019int\u00e9r\u00eats.\u00a0\u00bb<\/p>\n<p>C\u2019est pr\u00e9cis\u00e9ment ce dont veulent s\u2019assurer \u00e0 leur tour les enqu\u00eateurs qui, depuis d\u00e9j\u00e0 plus de douze heures, questionnent le couple Estrosi-Tenoudji et les protagonistes de cette affaire. Au total, une dizaine de personnes ont \u00e9t\u00e9 plac\u00e9es en garde \u00e0 vue ce lundi. Des auditions qui s\u2019\u00e9ternisaient dans la soir\u00e9e. Au risque d\u2019\u00eatre prolong\u00e9es demain. Ce serait un tr\u00e8s d\u00e9sagr\u00e9able cadeau que la justice r\u00e9serverait au maire de Nice qui f\u00eate ce mardi ses 70 ans.<\/p>\n","protected":false},"excerpt":{"rendered":"6h30 ce lundi, Christian Estrosi et son \u00e9pouse Laura Tenoudji quittent Nice en voiture. Ils sont tous deux&hellip;\n","protected":false},"author":2,"featured_media":216417,"comment_status":"","ping_status":"","sticky":false,"template":"","format":"standard","meta":{"footnotes":""},"categories":[2819],"tags":[1111,11,1777,674,1011,27,303,12,2401,882,25],"class_list":{"0":"post-216416","1":"post","2":"type-post","3":"status-publish","4":"format-standard","5":"has-post-thumbnail","7":"category-nice","8":"tag-actu","9":"tag-actualites","10":"tag-eu","11":"tag-europe","12":"tag-fr","13":"tag-france","14":"tag-justice","15":"tag-news","16":"tag-nice","17":"tag-provence-alpes-cote-dazur","18":"tag-republique-francaise"},"share_on_mastodon":{"url":"https:\/\/pubeurope.com\/@fr\/114773966587687041","error":""},"_links":{"self":[{"href":"https:\/\/www.europesays.com\/fr\/wp-json\/wp\/v2\/posts\/216416","targetHints":{"allow":["GET"]}}],"collection":[{"href":"https:\/\/www.europesays.com\/fr\/wp-json\/wp\/v2\/posts"}],"about":[{"href":"https:\/\/www.europesays.com\/fr\/wp-json\/wp\/v2\/types\/post"}],"author":[{"embeddable":true,"href":"https:\/\/www.europesays.com\/fr\/wp-json\/wp\/v2\/users\/2"}],"replies":[{"embeddable":true,"href":"https:\/\/www.europesays.com\/fr\/wp-json\/wp\/v2\/comments?post=216416"}],"version-history":[{"count":0,"href":"https:\/\/www.europesays.com\/fr\/wp-json\/wp\/v2\/posts\/216416\/revisions"}],"wp:featuredmedia":[{"embeddable":true,"href":"https:\/\/www.europesays.com\/fr\/wp-json\/wp\/v2\/media\/216417"}],"wp:attachment":[{"href":"https:\/\/www.europesays.com\/fr\/wp-json\/wp\/v2\/media?parent=216416"}],"wp:term":[{"taxonomy":"category","embeddable":true,"href":"https:\/\/www.europesays.com\/fr\/wp-json\/wp\/v2\/categories?post=216416"},{"taxonomy":"post_tag","embeddable":true,"href":"https:\/\/www.europesays.com\/fr\/wp-json\/wp\/v2\/tags?post=216416"}],"curies":[{"name":"wp","href":"https:\/\/api.w.org\/{rel}","templated":true}]}}