{"id":216418,"date":"2025-06-30T19:28:20","date_gmt":"2025-06-30T19:28:20","guid":{"rendered":"https:\/\/www.europesays.com\/fr\/216418\/"},"modified":"2025-06-30T19:28:20","modified_gmt":"2025-06-30T19:28:20","slug":"accuse-du-meurtre-de-sa-fille-il-se-suicide-en-prison","status":"publish","type":"post","link":"https:\/\/www.europesays.com\/fr\/216418\/","title":{"rendered":"Accus\u00e9 du meurtre de sa fille, il se suicide en prison"},"content":{"rendered":"<p>Philippe Chabert, 42 ans, mis en examen pour le <a href=\"https:\/\/www.20minutes.fr\/dossier\/meurtre\" class=\"color-ultramarine c-link\" target=\"_blank\" rel=\"noopener\">meurtre<\/a> de sa fille de 13 ans, s\u2019est donn\u00e9 la mort dans sa cellule de la maison d\u2019arr\u00eat de Nantes, dans la nuit du 28 au 29\u00a0juin 2025, selon<a href=\"https:\/\/www.ouest-france.fr\/societe\/faits-divers\/il-avait-avoue-le-meurtre-de-sa-fille-sur-les-reseaux-sociaux-philippe-chabert-est-mort-en-prison-fedf2812-5590-11f0-8d7d-49e18ac65051\" target=\"_blank\" class=\"color-ultramarine c-link\" rel=\"noopener\"> Le Courrier de l\u2019Ouest<\/a>. Incarc\u00e9r\u00e9 depuis le 21\u00a0mai apr\u00e8s une hospitalisation d\u2019office, le paysagiste aurait profit\u00e9 d\u2019un moment seul, apr\u00e8s avoir refus\u00e9 une promenade, pour mettre fin \u00e0 ses jours, a pr\u00e9cis\u00e9 son avocat, Me Bertrand Salquain.<\/p>\n<p>Une enqu\u00eate a \u00e9t\u00e9 ouverte par le parquet de <a href=\"https:\/\/www.20minutes.fr\/nantes\/\" class=\"color-ultramarine c-link\" target=\"_blank\" rel=\"noopener\">Nantes<\/a> pour faire la lumi\u00e8re sur les circonstances de ce suicide. Quelques jours plus t\u00f4t, le 16\u00a0juin, Philippe Chabert avait d\u00e9j\u00e0 tent\u00e9 de se <a href=\"https:\/\/www.20minutes.fr\/dossier\/suicide\" class=\"color-ultramarine c-link\" target=\"_blank\" rel=\"noopener\">suicider,<\/a> comme il l\u2019avait confi\u00e9 dans une lettre \u00e0 son avocat. Une rencontre \u00e9tait pr\u00e9vue ce lundi pour discuter de ses conditions de d\u00e9tention. \u00ab\u00a0Je ne comprends pas comment on a pu en arriver l\u00e0. C\u2019est totalement irresponsable de l\u2019avoir mis en d\u00e9tention quand on savait le risque suicidaire. Sa place \u00e9tait en h\u00f4pital psychiatrique\u00a0\u00bb, a d\u00e9nonc\u00e9 Me Salquain.<\/p>\n<p>Diagnostiqu\u00e9 \u00ab\u00a0qu\u00e9rulent processif\u00a0\u00bb<\/p>\n<p>Philippe Chabert \u00e9tait connu pour son combat contre les notaires, \u00e0 la suite d\u2019un litige immobilier. Diagnostiqu\u00e9 comme \u00ab\u00a0qu\u00e9rulent processif\u00a0\u00bb en raison de ses d\u00e9marches r\u00e9p\u00e9t\u00e9es pour d\u00e9noncer les d\u00e9rives du notariat, il avait cr\u00e9\u00e9 un observatoire ind\u00e9pendant d\u00e9di\u00e9 \u00e0 cette cause. En mars\u00a02025, il avait \u00e9t\u00e9 condamn\u00e9 \u00e0 dix mois de <a href=\"https:\/\/www.20minutes.fr\/dossier\/prison\" class=\"color-ultramarine c-link\" target=\"_blank\" rel=\"noopener\">prison<\/a> avec sursis par le tribunal correctionnel d\u2019Angers pour harc\u00e8lement moral et menaces de mort contre la Chambre interd\u00e9partementale des notaires de Maine-et-Loire, <a href=\"https:\/\/www.20minutes.fr\/dossier\/mayenne\" class=\"color-ultramarine c-link\" target=\"_blank\" rel=\"noopener\">Mayenne<\/a> et <a href=\"https:\/\/www.20minutes.fr\/dossier\/sarthe\" class=\"color-ultramarine c-link\" target=\"_blank\" rel=\"noopener\">Sarthe<\/a>.<\/p>\n<\/p>\n<p>Le 7 mai\u00a02025, il a tu\u00e9 sa fille Emma dans son appartement, avant de tenter de se suicider. Dans un message publi\u00e9 sur son site et les r\u00e9seaux sociaux, il \u00e9crivait\u00a0: \u00ab\u00a0Ce mercredi 7\u00a0mai 2025, je me suis donn\u00e9 la mort apr\u00e8s avoir commis un infanticide en la personne de ma fille, Emma.\u00a0\u00bb Un ouvrage post-mortem a \u00e9galement \u00e9t\u00e9 publi\u00e9 en ligne.<\/p>\n","protected":false},"excerpt":{"rendered":"Philippe Chabert, 42 ans, mis en examen pour le meurtre de sa fille de 13 ans, s\u2019est donn\u00e9&hellip;\n","protected":false},"author":2,"featured_media":216419,"comment_status":"","ping_status":"","sticky":false,"template":"","format":"standard","meta":{"footnotes":""},"categories":[2818],"tags":[1111,11,1777,674,1011,27,303,3047,766,12,2636,806,25,104,5748,22128],"class_list":{"0":"post-216418","1":"post","2":"type-post","3":"status-publish","4":"format-standard","5":"has-post-thumbnail","7":"category-nantes","8":"tag-actu","9":"tag-actualites","10":"tag-eu","11":"tag-europe","12":"tag-fr","13":"tag-france","14":"tag-justice","15":"tag-loire-atlantique","16":"tag-nantes","17":"tag-news","18":"tag-pays-de-la-loire","19":"tag-prison","20":"tag-republique-francaise","21":"tag-societe","22":"tag-suicide","23":"tag-tentative-de-suicide"},"share_on_mastodon":{"url":"https:\/\/pubeurope.com\/@fr\/114773970374805730","error":""},"_links":{"self":[{"href":"https:\/\/www.europesays.com\/fr\/wp-json\/wp\/v2\/posts\/216418","targetHints":{"allow":["GET"]}}],"collection":[{"href":"https:\/\/www.europesays.com\/fr\/wp-json\/wp\/v2\/posts"}],"about":[{"href":"https:\/\/www.europesays.com\/fr\/wp-json\/wp\/v2\/types\/post"}],"author":[{"embeddable":true,"href":"https:\/\/www.europesays.com\/fr\/wp-json\/wp\/v2\/users\/2"}],"replies":[{"embeddable":true,"href":"https:\/\/www.europesays.com\/fr\/wp-json\/wp\/v2\/comments?post=216418"}],"version-history":[{"count":0,"href":"https:\/\/www.europesays.com\/fr\/wp-json\/wp\/v2\/posts\/216418\/revisions"}],"wp:featuredmedia":[{"embeddable":true,"href":"https:\/\/www.europesays.com\/fr\/wp-json\/wp\/v2\/media\/216419"}],"wp:attachment":[{"href":"https:\/\/www.europesays.com\/fr\/wp-json\/wp\/v2\/media?parent=216418"}],"wp:term":[{"taxonomy":"category","embeddable":true,"href":"https:\/\/www.europesays.com\/fr\/wp-json\/wp\/v2\/categories?post=216418"},{"taxonomy":"post_tag","embeddable":true,"href":"https:\/\/www.europesays.com\/fr\/wp-json\/wp\/v2\/tags?post=216418"}],"curies":[{"name":"wp","href":"https:\/\/api.w.org\/{rel}","templated":true}]}}