{"id":216425,"date":"2025-06-30T19:32:09","date_gmt":"2025-06-30T19:32:09","guid":{"rendered":"https:\/\/www.europesays.com\/fr\/216425\/"},"modified":"2025-06-30T19:32:09","modified_gmt":"2025-06-30T19:32:09","slug":"le-conseil-departemental-de-haute-garonne-veut-experimenter-le-conge-menstruel-juge-illegal","status":"publish","type":"post","link":"https:\/\/www.europesays.com\/fr\/216425\/","title":{"rendered":"Le conseil d\u00e9partemental de Haute-Garonne veut exp\u00e9rimenter le cong\u00e9 menstruel, jug\u00e9 \u00ab\u00a0ill\u00e9gal\u00a0\u00bb"},"content":{"rendered":"<p>Le conseil d\u00e9partemental de Haute-Garonne a vot\u00e9 \u00e0 la quasi-unanimit\u00e9 \u2013 deux abstentions seulement \u2013l\u2019exp\u00e9rimentation d\u2019un cong\u00e9 menstruel \u00e0 partir de 2026. Il se mat\u00e9rialisera sous la forme d\u2019un forfait de 13 jours annuel d\u2019ASA (autorisation sp\u00e9ciale d\u2019absence), sur pr\u00e9sentation d\u2019un certificat m\u00e9dical\u00a0; pour les m\u00e9tiers compatibles, il pourra s\u2019agir d\u2019une \u00ab\u00a0extension t\u00e9l\u00e9travail de deux jours par mois\u00a0\u00bb, pr\u00e9cise la collectivit\u00e9. Selon ses estimations, entre 350 et 400 agentes, sur les 4382 que compte le CD31, seraient potentiellement concern\u00e9es.<\/p>\n<p>Malgr\u00e9 l\u2019adh\u00e9sion des employ\u00e9s territoriaux, un probl\u00e8me subsiste, et pas des moindres\u00a0: en l\u2019absence de l\u00e9gislation claire, le dispositif, d\u00e9j\u00e0 d\u00e9ploy\u00e9 dans d\u2019autres collectivit\u00e9s , est r\u00e9guli\u00e8rement consid\u00e9r\u00e9 comme ill\u00e9gal par la justice administrative. Ainsi, la mesure pourrait se voir interdite avant m\u00eame d\u2019entrer en vigueur. <br class=\"autobr\"\/><br \/>\nContact\u00e9e par ToulEmploi, la pr\u00e9fecture laisse d\u2019ailleurs peu de place au doute\u00a0: une fois saisi formellement de la demande d\u2019exp\u00e9rimentation, \u201c[le pr\u00e9fet] ne manquera pas de l\u2019instruire, dans le cadre du contr\u00f4le de l\u00e9galit\u00e9 qu\u2019il est constitutionnellement tenu d\u2019exercer\u201d, ont indiqu\u00e9 les services de l\u2019Etat en Haute-Garonne.<\/p>\n<p>Vers une jurisprudence\u00a0?<\/p>\n<p>La probable attaque pr\u00e9fectorale ne serait pas une premi\u00e8re, loin s\u2019en faut. En d\u00e9cembre dernier, le tribunal administratif de Toulouse a suspendu en r\u00e9f\u00e9r\u00e9 &#8211; proc\u00e9dure d\u2019urgence \u00e0 effet provisoire &#8211; le cong\u00e9 menstruel dans la commune de Plaisance-du-Touch et la communaut\u00e9 de communes du Grand Ouest Toulousain. Ailleurs sur le territoire national, d\u2019autres collectivit\u00e9s ont vu elles aussi leurs dispositifs retoqu\u00e9s. La Ville de Grenoble ou encore la M\u00e9tropole de Lyon, \u00e0 la fois pionni\u00e8re et poids lourd du cong\u00e9 menstruel avec ses 5000 agentes, en ont fait les frais.<\/p>\n<p>En outre, une nouvelle d\u00e9cision in\u00e9dite pourrait faire jurisprudence\u00a0: mardi 24\u00a0juin, alors que le CD31 votait son propre cong\u00e9 menstruel, le tribunal administratif de Strasbourg annulait au m\u00eame moment celui de la Ville et de l\u2019Eurom\u00e9tropole du Bas-Rhin, d\u00e9ploy\u00e9 l\u2019an dernier. Pour la premi\u00e8re fois, les juges ont examin\u00e9 l\u2019affaire sur le fond.<\/p>\n<p>Parall\u00e8lement, <a href=\"https:\/\/medias.amf.asso.fr\/upload\/files\/Circulaire%20du%2021%20Mai%202025_250604_183102.pdf\" class=\"spip_out\" rel=\"external noopener\" target=\"_blank\">une circulaire dat\u00e9e du 21\u00a0mai<\/a> et relay\u00e9e par maire-info.fr de la Direction g\u00e9n\u00e9rale des collectivit\u00e9s locales (DGCL) enfonce le clou, appellant les pr\u00e9fets a porter une \u00ab\u00a0vigilance accrue\u00a0\u00bb sur les d\u00e9lib\u00e9rations instaurant les cong\u00e9s menstruels, arguant que \u00ab\u00a0une collectivit\u00e9 territoriale ne peut cr\u00e9er de nouveaux motifs d\u2019ASA\u00a0\u00bb.<\/p>\n<p>\u00ab\u00a0Il faut provoquer le d\u00e9bat\u00a0\u00bb<\/p>\n<p>Pour autant, le pr\u00e9sident du conseil d\u00e9partemental ne s\u2019avoue pas vaincu. \u00ab\u00a0Je demande le droit constitutionnel \u00e0 exp\u00e9rimenter le cong\u00e9 menstruel et j\u2019irai jusqu\u2019au tribunal administratif s\u2019il le faut\u00a0!\u00a0\u00bb, mart\u00e8le S\u00e9bastien Vincini. S\u2019il invoque la Constitution, c\u2019est parce qu\u2019un article (37-1) pourrait lui permettre de contourner l\u2019interdiction\u00a0: \u00ab\u00a0La loi et le r\u00e8glement peuvent comporter, pour un objet ou une dur\u00e9e limit\u00e9e, des dispositions \u00e0 caract\u00e8re exp\u00e9rimental\u00a0\u00bb, dit le texte. Mais existe-t-il vraiment une probabilit\u00e9 pour que cette simple petite ligne, en substance assez floue, parvienne \u00e0 convaincre les autorit\u00e9s\u00a0? Au vu du contexte, rien ne semble plus improbable.<\/p>\n<p>Peu importe, \u00ab\u00a0il faut provoquer le d\u00e9bat et aller chercher ce droit pour combattre cette in\u00e9galit\u00e9 entre les femmes et les hommes dans le monde professionnel\u00a0\u00bb, r\u00e9pond S\u00e9bastien Vincini.<br class=\"autobr\"\/><br \/>\nPr\u00e9vue pour durer deux ans, l\u2019exp\u00e9rimentation devrait d\u00e9marrer \u00e0 partir du 1er\u00a0janvier 2026. En plus de l\u2019instaurer dans sa collectivit\u00e9, l\u2019\u00e9lu a souhait\u00e9 mobiliser tout son p\u00e9rim\u00e8tre et appelle, par un courrier envoy\u00e9 le 20\u00a0juin dernier, les communes et intercommunalit\u00e9s de Haute-Garonne \u00e0 rejoindre le dispositif.<br class=\"autobr\"\/><br \/>\nMarie-Dominique Lacour<\/p>\n<p>Photo\u00a0: S\u00e9bastien Vincini, pr\u00e9sident du conseil d\u00e9partemental de Haute-Garonne. Cr\u00e9dit\u00a0: Aur\u00e9lien Ferreira\/CD31<\/p>\n","protected":false},"excerpt":{"rendered":"Le conseil d\u00e9partemental de Haute-Garonne a vot\u00e9 \u00e0 la quasi-unanimit\u00e9 \u2013 deux abstentions seulement \u2013l\u2019exp\u00e9rimentation d\u2019un cong\u00e9 menstruel&hellip;\n","protected":false},"author":2,"featured_media":216426,"comment_status":"","ping_status":"","sticky":false,"template":"","format":"standard","meta":{"footnotes":""},"categories":[2816],"tags":[1111,11,35577,6084,1777,674,1011,27,12,2680,35578,25,8322,2312],"class_list":{"0":"post-216425","1":"post","2":"type-post","3":"status-publish","4":"format-standard","5":"has-post-thumbnail","7":"category-toulouse","8":"tag-actu","9":"tag-actualites","10":"tag-conseil-departemental-de-la-haute-garonne","11":"tag-droit","12":"tag-eu","13":"tag-europe","14":"tag-fr","15":"tag-france","16":"tag-news","17":"tag-occitanie","18":"tag-prefecture-de-haute-garonne-et-occitanie","19":"tag-republique-francaise","20":"tag-ressources-humaines","21":"tag-toulouse"},"share_on_mastodon":{"url":"https:\/\/pubeurope.com\/@fr\/114773986077308495","error":""},"_links":{"self":[{"href":"https:\/\/www.europesays.com\/fr\/wp-json\/wp\/v2\/posts\/216425","targetHints":{"allow":["GET"]}}],"collection":[{"href":"https:\/\/www.europesays.com\/fr\/wp-json\/wp\/v2\/posts"}],"about":[{"href":"https:\/\/www.europesays.com\/fr\/wp-json\/wp\/v2\/types\/post"}],"author":[{"embeddable":true,"href":"https:\/\/www.europesays.com\/fr\/wp-json\/wp\/v2\/users\/2"}],"replies":[{"embeddable":true,"href":"https:\/\/www.europesays.com\/fr\/wp-json\/wp\/v2\/comments?post=216425"}],"version-history":[{"count":0,"href":"https:\/\/www.europesays.com\/fr\/wp-json\/wp\/v2\/posts\/216425\/revisions"}],"wp:featuredmedia":[{"embeddable":true,"href":"https:\/\/www.europesays.com\/fr\/wp-json\/wp\/v2\/media\/216426"}],"wp:attachment":[{"href":"https:\/\/www.europesays.com\/fr\/wp-json\/wp\/v2\/media?parent=216425"}],"wp:term":[{"taxonomy":"category","embeddable":true,"href":"https:\/\/www.europesays.com\/fr\/wp-json\/wp\/v2\/categories?post=216425"},{"taxonomy":"post_tag","embeddable":true,"href":"https:\/\/www.europesays.com\/fr\/wp-json\/wp\/v2\/tags?post=216425"}],"curies":[{"name":"wp","href":"https:\/\/api.w.org\/{rel}","templated":true}]}}